{"id":4721,"global_id":"afvan.com?id=4721","global_id_lineage":["afvan.com?id=4721"],"author":"1","status":"publish","date":"2024-05-05 09:49:54","date_utc":"2024-05-05 08:49:54","modified":"2024-07-15 20:19:36","modified_utc":"2024-07-15 19:19:36","url":"https:\/\/afvan.com\/index.php\/event\/sortida-astrofotografica-i-observacio-de-cel-fosc\/","rest_url":"https:\/\/afvan.com\/index.php\/wp-json\/tribe\/events\/v1\/events\/4721","title":"Sortida Astrofotogr\u00e0fica II Festival","description":"<p><strong>Sortida Astrofotogr\u00e0fica \u00b7 Via L\u00e0ctia al Coll de la Botella<\/strong><\/p>\n<div>\n<p style=\"font-weight: 400;\"><strong>Descripci\u00f3<\/strong>: La sortida amb la col\u00b7laboraci\u00f3 d\u2019AFVAN est\u00e0 pensada per a totes aquelles persones interessades en la fotografia de paisatge nocturna. Es tracta d\u2019una activitat d\u2019iniciaci\u00f3 a la fotografia nocturna on els guies fotogr\u00e0fics ens ajudaran a treure el m\u00e0xim de partit del nostre equip. Es recomana que els participants duguin el seu equip fotogr\u00e0fic (c\u00e0mera, objectius, tr\u00edpode i interval\u00f2metre) tot i que no \u00e9s imprescindible.<\/p>\n<p style=\"font-weight: 400;\">Activitat per a majors de 16 anys.<\/p>\n<p style=\"font-weight: 400;\">L\u2019activitat ser\u00e0 dirigida per l\u2019astrofot\u00f2graf ALEIX ROIG. El seu treball el podreu veure a www.astrocat.info i a les xarxes @astrocatinfo. El seu treball ha estat premiat com a finalista al concurs internacional Astronomy Photographer of the Year 2022 organitzat pel Royal Observatory Greenwich de Londres, i publicat per la NASA com a imatge astron\u00f2mica del dia.<\/p>\n<p style=\"font-weight: 400;\"><strong>\u00a0<\/strong><\/p>\n<p style=\"font-weight: 400;\"><strong>Inscripcions<\/strong>: Es podr\u00e0 fer la reserva dels tipus d\u2019entrades a trav\u00e9s del seg\u00fcent <a href=\"https:\/\/booking.visitlamassana.ad\/products\/%E2%9C%A8-ii-festival-dastronomia-%F0%9F%93%85-28-i-29-de-juny?variant=48620972278055\">enlla\u00e7<\/a><\/p>\n<p style=\"font-weight: 400;\">El visitant haur\u00e0 de fer una inscripci\u00f3 pr\u00e8via a trav\u00e9s de la web visitlamassana per tal de participar a les activitats del Festival d\u2019Astronomia. Aquesta inscripci\u00f3 pr\u00e8via tindr\u00e0 un cost d\u20191\u20ac solidari per persona.<\/p>\n<p style=\"font-weight: 400;\">Les persones interessades, han d\u2019escollir el tipus d\u2019entrada POLSERA NEGRA la qual ens donar\u00e0 acc\u00e9s a la sortida d&#8217;astrofotografia, les confer\u00e8ncies de dissabte al mat\u00ed, la Solar observation &amp; beer i m\u00fasica de dissabte al mat\u00ed i l\u2019observaci\u00f3 amb telescopis de dissabte a la nit.<\/p>\n<p style=\"font-weight: 400;\"><strong>Nombre m\u00e0xim de participants<\/strong>: 15<\/p>\n<p style=\"font-weight: 400;\"><strong>\u00a0<\/strong><\/p>\n<p style=\"font-weight: 400;\"><strong>Horaris de recollida de polseres<\/strong>:<\/p>\n<ul>\n<li>Divendres de 9 a 19h a l\u2019Oficina de Turisme (Pla\u00e7a Fontetes)<\/li>\n<li>Dissabte de 9 a 19h a l\u2019Oficina de Turisme (Pla\u00e7a Fontetes)<\/li>\n<li>Divendres de 20h a 23 a l\u2019Aparcament del Surf d\u2019Arinsal<\/li>\n<\/ul>\n<p>Enlla\u00e7 d&#8217;inscripci\u00f3: <strong>S&#8217;ha d&#8217;agafar polsera negra<\/strong><\/p>\n<p><a href=\"https:\/\/d58uieioun6fz.cloudfront.net\/Events\/7082aa0f-12eb-45ba-a68f-fb25b11ce1c4\/file\/9d166fa57e86592fc0626cf19f6ab4bb.pdf\">descarr\u00e8gat el Programa<\/a><\/p>\n<\/div>","excerpt":"","slug":"sortida-astrofotografica-i-observacio-de-cel-fosc","image":{"url":"https:\/\/afvan.com\/wp-content\/uploads\/2024\/05\/my0h91x83u8sk0kswk.jpg","id":4779,"extension":"jpg","width":1900,"height":703,"filesize":396943,"sizes":{"medium":{"width":300,"height":111,"mime-type":"image\/jpeg","filesize":9105,"url":"https:\/\/afvan.com\/wp-content\/uploads\/2024\/05\/my0h91x83u8sk0kswk-300x111.jpg"},"large":{"width":1024,"height":379,"mime-type":"image\/jpeg","filesize":82981,"url":"https:\/\/afvan.com\/wp-content\/uploads\/2024\/05\/my0h91x83u8sk0kswk-1024x379.jpg"},"thumbnail":{"width":150,"height":150,"mime-type":"image\/jpeg","filesize":8025,"url":"https:\/\/afvan.com\/wp-content\/uploads\/2024\/05\/my0h91x83u8sk0kswk-150x150.jpg"},"medium_large":{"width":768,"height":284,"mime-type":"image\/jpeg","filesize":48059,"url":"https:\/\/afvan.com\/wp-content\/uploads\/2024\/05\/my0h91x83u8sk0kswk-768x284.jpg"},"master_addons_team_thumb":{"width":250,"height":330,"mime-type":"image\/jpeg","filesize":23471,"url":"https:\/\/afvan.com\/wp-content\/uploads\/2024\/05\/my0h91x83u8sk0kswk-250x330.jpg"},"1536x1536":{"width":1536,"height":568,"mime-type":"image\/jpeg","filesize":175539,"url":"https:\/\/afvan.com\/wp-content\/uploads\/2024\/05\/my0h91x83u8sk0kswk-1536x568.jpg"},"tp-image-grid":{"width":700,"height":700,"mime-type":"image\/jpeg","filesize":109335,"url":"https:\/\/afvan.com\/wp-content\/uploads\/2024\/05\/my0h91x83u8sk0kswk-700x700.jpg"},"htmega_size_585x295":{"width":585,"height":295,"mime-type":"image\/jpeg","filesize":38764,"url":"https:\/\/afvan.com\/wp-content\/uploads\/2024\/05\/my0h91x83u8sk0kswk-585x295.jpg"},"htmega_size_1170x536":{"width":1170,"height":536,"mime-type":"image\/jpeg","filesize":128621,"url":"https:\/\/afvan.com\/wp-content\/uploads\/2024\/05\/my0h91x83u8sk0kswk-1170x536.jpg"},"htmega_size_396x360":{"width":396,"height":360,"mime-type":"image\/jpeg","filesize":37288,"url":"https:\/\/afvan.com\/wp-content\/uploads\/2024\/05\/my0h91x83u8sk0kswk-396x360.jpg"},"woocommerce_thumbnail":{"width":300,"height":300,"mime-type":"image\/jpeg","filesize":25426,"uncropped":false,"url":"https:\/\/afvan.com\/wp-content\/uploads\/2024\/05\/my0h91x83u8sk0kswk-300x300.jpg"},"woocommerce_gallery_thumbnail":{"width":100,"height":100,"mime-type":"image\/jpeg","filesize":4226,"url":"https:\/\/afvan.com\/wp-content\/uploads\/2024\/05\/my0h91x83u8sk0kswk-100x100.jpg"}}},"all_day":false,"start_date":"2024-06-28 22:30:00","start_date_details":{"year":"2024","month":"06","day":"28","hour":"22","minutes":"30","seconds":"00"},"end_date":"2024-06-29 00:00:00","end_date_details":{"year":"2024","month":"06","day":"29","hour":"00","minutes":"00","seconds":"00"},"utc_start_date":"2024-06-28 20:30:00","utc_start_date_details":{"year":"2024","month":"06","day":"28","hour":"20","minutes":"30","seconds":"00"},"utc_end_date":"2024-06-28 22:00:00","utc_end_date_details":{"year":"2024","month":"06","day":"28","hour":"22","minutes":"00","seconds":"00"},"timezone":"UTC+1","timezone_abbr":"UTC+1","cost":"\u20ac1","cost_details":{"currency_symbol":"\u20ac","currency_code":"EUR","currency_position":"prefix","values":["1"]},"website":"","show_map":true,"show_map_link":true,"hide_from_listings":false,"sticky":false,"featured":false,"categories":[],"tags":[],"venue":{"id":1926,"author":"1","status":"publish","date":"2023-06-15 07:52:56","date_utc":"2023-06-15 06:52:56","modified":"2024-05-17 09:22:46","modified_utc":"2024-05-17 08:22:46","url":"https:\/\/afvan.com\/index.php\/recinte\/coll-de-la-botella\/","venue":"Coll de la Botella","slug":"coll-de-la-botella","image":{"url":"https:\/\/afvan.com\/wp-content\/uploads\/2023\/06\/1177x492_mirador-coll-de-la-botella1.jpg","id":1927,"extension":"jpg","width":1177,"height":492,"filesize":186445,"sizes":{"medium":{"width":300,"height":125,"mime-type":"image\/jpeg","filesize":12810,"url":"https:\/\/afvan.com\/wp-content\/uploads\/2023\/06\/1177x492_mirador-coll-de-la-botella1-300x125.jpg"},"large":{"width":1024,"height":428,"mime-type":"image\/jpeg","filesize":121478,"url":"https:\/\/afvan.com\/wp-content\/uploads\/2023\/06\/1177x492_mirador-coll-de-la-botella1-1024x428.jpg"},"thumbnail":{"width":150,"height":150,"mime-type":"image\/jpeg","filesize":8018,"url":"https:\/\/afvan.com\/wp-content\/uploads\/2023\/06\/1177x492_mirador-coll-de-la-botella1-150x150.jpg"},"medium_large":{"width":768,"height":321,"mime-type":"image\/jpeg","filesize":70972,"url":"https:\/\/afvan.com\/wp-content\/uploads\/2023\/06\/1177x492_mirador-coll-de-la-botella1-768x321.jpg"},"htmega_size_585x295":{"width":585,"height":295,"mime-type":"image\/jpeg","filesize":49387,"url":"https:\/\/afvan.com\/wp-content\/uploads\/2023\/06\/1177x492_mirador-coll-de-la-botella1-585x295.jpg"},"htmega_size_1170x536":{"width":1170,"height":492,"mime-type":"image\/jpeg","filesize":179914,"url":"https:\/\/afvan.com\/wp-content\/uploads\/2023\/06\/1177x492_mirador-coll-de-la-botella1-1170x492.jpg"},"htmega_size_396x360":{"width":396,"height":360,"mime-type":"image\/jpeg","filesize":40963,"url":"https:\/\/afvan.com\/wp-content\/uploads\/2023\/06\/1177x492_mirador-coll-de-la-botella1-396x360.jpg"}}},"address":"GFV3+X23 Pal","country":"Andorra","website":"https:\/\/maps.app.goo.gl\/QGhRVM45TCjQ3pPD8","json_ld":{"@type":"Place","name":"Coll de la Botella","description":"","image":"https:\/\/afvan.com\/wp-content\/uploads\/2023\/06\/1177x492_mirador-coll-de-la-botella1.jpg","url":"","address":{"@type":"PostalAddress","streetAddress":"GFV3+X23 Pal","addressCountry":"Andorra"},"telephone":"","sameAs":"https:\/\/maps.app.goo.gl\/QGhRVM45TCjQ3pPD8"},"show_map":true,"show_map_link":true,"global_id":"afvan.com?id=1926","global_id_lineage":["afvan.com?id=1926"]},"organizer":[{"id":2122,"author":"1","status":"publish","date":"2023-06-22 08:12:50","date_utc":"2023-06-22 07:12:50","modified":"2023-06-22 08:12:50","modified_utc":"2023-06-22 07:12:50","url":"https:\/\/afvan.com\/index.php\/organitzador\/oficina-turisme-la-massana-2\/","organizer":"Oficina Turisme La Massana","description":"<h3 class=\"text-2xl font-bold mb-4\">Horari<\/h3>\n<p class=\"my-3\">\ud83d\udcc5 Cada dia de 9h a 13h i de 15h a 19h<\/p>\n<p class=\"w-2\/3 my-2\">\u2600\ufe0f Estiu cada dia de 9h a 19h<\/p>","slug":"oficina-turisme-la-massana-2","phone":"(+376) 835 693","website":"https:\/\/www.visitlamassana.ad\/es","email":"turisme@comumassana.ad","json_ld":{"@type":"Person","name":"Oficina Turisme La Massana","description":"&lt;p&gt;Horari \ud83d\udcc5 Cada dia de 9h a 13h i de 15h a 19h \u2600\ufe0f Estiu cada dia de 9h a 19h&lt;\/p&gt;\\n","url":"https:\/\/www.visitlamassana.ad\/es","telephone":"(+376) 835 693","email":"&#116;&#117;risme&#64;&#99;&#111;&#109;uma&#115;&#115;&#97;n&#97;&#46;ad","sameAs":"https:\/\/www.visitlamassana.ad\/es"},"global_id":"afvan.com?id=2122","global_id_lineage":["afvan.com?id=2122"]},{"id":1798,"author":"1","status":"publish","date":"2023-06-14 07:56:07","date_utc":"2023-06-14 06:56:07","modified":"2023-06-15 16:18:22","modified_utc":"2023-06-15 15:18:22","url":"https:\/\/afvan.com\/index.php\/organitzador\/oficina-turisme-la-massana\/","organizer":"Comu de la Massana","description":"<div class=\"row\">\n<div class=\"col-md-8\">\n<p>De dilluns a dijous : de 8.30h a 17h<br \/>\nDivendres : de 8.00h a 14.30h<br \/>\nHorari d\u2019estiu: De dilluns a divendres : de 8h a 14.30h<\/p>\n<\/div>\n<\/div>\n<div id=\"telefons\" class=\"row mt-5\">\n<div class=\"col-md-12\"><\/div>\n<\/div>","slug":"oficina-turisme-la-massana","image":{"url":"https:\/\/afvan.com\/wp-content\/uploads\/2023\/05\/logo-lamassana-edited.png","id":1335,"extension":"png","width":210,"height":83,"filesize":16541,"sizes":{"thumbnail":{"width":150,"height":83,"mime-type":"image\/png","filesize":11732,"url":"https:\/\/afvan.com\/wp-content\/uploads\/2023\/05\/logo-lamassana-edited-150x83.png"}},"parent_image":{"attachment_id":"1115","file":"2023\/05\/logo-lamassana.png"}},"phone":"+376 736 900","website":"https:\/\/www.lamassana.ad\/","json_ld":{"@type":"Person","name":"Comu de la Massana","description":"&lt;p&gt;De dilluns a dijous : de 8.30h a 17h Divendres : de 8.00h a 14.30h Horari d\u2019estiu: De dilluns a divendres : de 8h a 14.30h&lt;\/p&gt;\\n","image":"https:\/\/afvan.com\/wp-content\/uploads\/2023\/05\/logo-lamassana-edited.png","url":"https:\/\/www.lamassana.ad\/","telephone":"+376 736 900","email":"","sameAs":"https:\/\/www.lamassana.ad\/"},"global_id":"afvan.com?id=1798","global_id_lineage":["afvan.com?id=1798"]}],"custom_fields":[],"json_ld":{"@context":"http:\/\/schema.org","@type":"Event","name":"Sortida Astrofotogr\u00e0fica II Festival","description":"&lt;p&gt;Sortida Astrofotogr\u00e0fica \u00b7 Via L\u00e0ctia al Coll de la Botella Descripci\u00f3: La sortida amb la col\u00b7laboraci\u00f3 d\u2019AFVAN est\u00e0 pensada per a totes aquelles persones interessades en la fotografia de paisatge nocturna. Es tracta d\u2019una activitat d\u2019iniciaci\u00f3 a la fotografia nocturna on els guies fotogr\u00e0fics ens ajudaran a treure el m\u00e0xim de partit del nostre equip. Es recomana que els participants duguin el seu equip fotogr\u00e0fic (c\u00e0mera, objectius, tr\u00edpode i interval\u00f2metre) tot i que no \u00e9s imprescindible. Activitat per a majors de 16 anys. L\u2019activitat ser\u00e0 dirigida per l\u2019astrofot\u00f2graf ALEIX ROIG. El seu treball el podreu veure a www.astrocat.info i a les xarxes @astrocatinfo. El seu treball ha estat premiat com a finalista al concurs internacional Astronomy Photographer of the Year 2022 organitzat pel Royal Observatory Greenwich de Londres, i publicat per la NASA com a imatge astron\u00f2mica del dia. \u00a0 Inscripcions: Es podr\u00e0 fer la reserva dels tipus d\u2019entrades a trav\u00e9s del seg\u00fcent enlla\u00e7 El visitant haur\u00e0 de fer una inscripci\u00f3 pr\u00e8via a trav\u00e9s de la web visitlamassana per tal de participar a les activitats del Festival d\u2019Astronomia. Aquesta inscripci\u00f3 pr\u00e8via tindr\u00e0 un cost d\u20191\u20ac solidari per persona. Les persones interessades, han d\u2019escollir el tipus d\u2019entrada POLSERA NEGRA la qual ens donar\u00e0 acc\u00e9s a la sortida d\\'astrofotografia, les confer\u00e8ncies de dissabte al mat\u00ed, la Solar observation &amp; beer i m\u00fasica de dissabte al mat\u00ed i l\u2019observaci\u00f3 amb telescopis de dissabte a la nit. Nombre m\u00e0xim de participants: 15 \u00a0 Horaris de recollida de polseres: Divendres de 9 a 19h a l\u2019Oficina de Turisme (Pla\u00e7a Fontetes) Dissabte de 9 a 19h a l\u2019Oficina de Turisme (Pla\u00e7a Fontetes) Divendres de 20h a 23 a l\u2019Aparcament del Surf d\u2019Arinsal Enlla\u00e7 d\\'inscripci\u00f3: S\\'ha d\\'agafar polsera negra descarr\u00e8gat el Programa&lt;\/p&gt;\\n","image":"https:\/\/afvan.com\/wp-content\/uploads\/2024\/05\/my0h91x83u8sk0kswk.jpg","url":"https:\/\/afvan.com\/index.php\/event\/sortida-astrofotografica-i-observacio-de-cel-fosc\/","eventAttendanceMode":"https:\/\/schema.org\/OfflineEventAttendanceMode","eventStatus":"https:\/\/schema.org\/EventScheduled","startDate":"2024-06-28T22:30:00+01:00","endDate":"2024-06-29T00:00:00+01:00","location":{"@type":"Place","name":"Coll de la Botella","description":"","image":"https:\/\/afvan.com\/wp-content\/uploads\/2023\/06\/1177x492_mirador-coll-de-la-botella1.jpg","url":"","address":{"@type":"PostalAddress","streetAddress":"GFV3+X23 Pal","addressCountry":"Andorra"},"telephone":"","sameAs":"https:\/\/maps.app.goo.gl\/QGhRVM45TCjQ3pPD8"},"organizer":{"@type":"Person","name":"Oficina Turisme La Massana","description":"&lt;p&gt;Horari \ud83d\udcc5 Cada dia de 9h a 13h i de 15h a 19h \u2600\ufe0f Estiu cada dia de 9h a 19h&lt;\/p&gt;\\n","url":"https:\/\/www.visitlamassana.ad\/es","telephone":"(+376) 835 693","email":"t&#117;ri&#115;&#109;&#101;&#64;c&#111;&#109;&#117;m&#97;&#115;s&#97;&#110;a.a&#100;","sameAs":"https:\/\/www.visitlamassana.ad\/es"},"offers":{"@type":"Offer","price":"1","priceCurrency":"EUR","url":"https:\/\/afvan.com\/index.php\/event\/sortida-astrofotografica-i-observacio-de-cel-fosc\/","category":"primary","availability":"inStock","validFrom":"2024-05-05T00:00:00+00:00"},"performer":"Organization"}}