{"id":5050,"global_id":"afvan.com?id=5050","global_id_lineage":["afvan.com?id=5050"],"author":"1","status":"publish","date":"2024-10-09 06:02:29","date_utc":"2024-10-09 05:02:29","modified":"2024-11-27 11:17:51","modified_utc":"2024-11-27 10:17:51","url":"https:\/\/afvan.com\/index.php\/event\/taller-fotografia-paisatge-pitavola\/","rest_url":"https:\/\/afvan.com\/index.php\/wp-json\/tribe\/events\/v1\/events\/5050","title":"Taller Fotografia Paisatge PITAVOLA","description":"<p><strong style=\"font-size: 16px;\">Taller de Fotografia de\u00a0<\/strong><b>Paissatge<\/b><\/p>\n<div>\n<ol start=\"2\">\n<li style=\"font-weight: 400;\"><strong> Data i Punt de Reuni\u00f3:<\/strong><\/li>\n<\/ol>\n<ul>\n<li style=\"font-weight: 400;\">\u2060 \u2060Punt de trobada: Circuit Interpretatiu, Arinsal , Carretera del Prat de Riuder, 3 (42,57973\u00b0 N, 1,47604\u00b0 E<\/li>\n<li style=\"font-weight: 400;\">\u2060 \u2060Horari: De 16:00 h a 19:00 h<\/li>\n<\/ul>\n<ol start=\"3\">\n<li style=\"font-weight: 400;\"><strong> Participants: <\/strong><\/li>\n<\/ol>\n<ul>\n<li style=\"font-weight: 400;\">\u2060 \u2060Nombre m\u00e0xim de persones: 15 participants<\/li>\n<\/ul>\n<ol start=\"4\">\n<li style=\"font-weight: 400;\"><strong> Descripci\u00f3 de l&#8217;activitat: <\/strong><\/li>\n<\/ol>\n<p style=\"font-weight: 400;\">Aquest taller est\u00e0 pensat per a tots aquells que vulguin aprendre i millorar les seves habilitats en la fotografia de paisatge, aprofitant l&#8217;entorn natural i captivador del bosc.<\/p>\n<ul>\n<li style=\"font-weight: 400;\">\u2060 \u2060Comen\u00e7arem amb una xerrada introduct\u00f2ria, on explicarem les t\u00e8cniques b\u00e0siques que posarem en pr\u00e0ctica durant l&#8217;activitat.<\/li>\n<li style=\"font-weight: 400;\">\u2060 \u2060Ens repartirem en grups petits per facilitar l&#8217;aprenentatge individualitzat i una millor experi\u00e8ncia en el camp.<\/li>\n<li style=\"font-weight: 400;\">\u2060 \u2060Treballarem la regla dels ter\u00e7os per crear composicions equilibrades i atractives.<\/li>\n<li style=\"font-weight: 400;\">\u2060 \u2060Tamb\u00e9 aprendrem sobre la composici\u00f3 i la profunditat de camp, elements clau en la fotografia de paisatge.<\/li>\n<li style=\"font-weight: 400;\">\u2060 \u2060A m\u00e9s, durant la sessi\u00f3, farem una pausa per connectar amb la natura, escoltant els sons del bosc i aprofitant aquesta tranquil\u00b7litat per inspirar-nos en les nostres fotografies.<\/li>\n<\/ul>\n<ol start=\"5\">\n<li style=\"font-weight: 400;\"><strong> Material necessari:<\/strong><\/li>\n<\/ol>\n<ul>\n<li style=\"font-weight: 400;\">\u2060\u2060Roba de muntanya adequada per caminar i protegir-se del clima.<\/li>\n<li style=\"font-weight: 400;\">\u2060\u2060Cal\u00e7at de muntanya c\u00f2mode i amb bona adher\u00e8ncia.<\/li>\n<li style=\"font-weight: 400;\">\u2060\u2060Llanterna o frontal (per si fos necessari a l\u2019acabar el taller).<\/li>\n<li style=\"font-weight: 400;\">\u2060\u2060C\u00e0mera r\u00e8flex o mirrorless amb la qual puguis controlar les configuracions manuals.<\/li>\n<li style=\"font-weight: 400;\">\u2060\u2060Tr\u00edpode, per a estabilitzar la c\u00e0mera en exposicions llargues.<\/li>\n<li style=\"font-weight: 400;\">\u2060 \u2060Objectiu angular per capturar paisatges amplis.<\/li>\n<\/ul>\n<ol start=\"6\">\n<li style=\"font-weight: 400;\"><strong> Recomanacions: <\/strong><\/li>\n<\/ol>\n<ul>\n<li style=\"font-weight: 400;\">\u2060 \u2060Porteu aigua i alguna cosa lleugera per menjar.<\/li>\n<\/ul>\n<p style=\"font-weight: 400;\"><strong>Inscripcions<\/strong>: Es podr\u00e0 fer la reserva dels tipus d\u2019entrades a trav\u00e9s del seg\u00fcent <a href=\"https:\/\/booking.visitlamassana.ad\/ca\/products\/pitavola-taller-de-fotografia-de-paisaje-con-afvan\">enlla\u00e7<\/a><\/p>\n<p style=\"font-weight: 400;\"><strong> <a href=\"https:\/\/afvan.com\/wp-content\/uploads\/2024\/10\/AF-TRIPTIC-2024-WEB.pdf\">AF TRIPTIC 2024 WEB<\/a><\/strong><\/p>\n<\/div>","excerpt":"","slug":"taller-fotografia-paisatge-pitavola","image":{"url":"https:\/\/afvan.com\/wp-content\/uploads\/2024\/10\/CARTELL-PITAVOLA-2024-XXSS.jpg","id":5052,"extension":"jpg","width":3508,"height":4961,"filesize":3149017,"sizes":{"medium":{"width":212,"height":300,"mime-type":"image\/jpeg","filesize":50765,"url":"https:\/\/afvan.com\/wp-content\/uploads\/2024\/10\/CARTELL-PITAVOLA-2024-XXSS-212x300.jpg"},"large":{"width":724,"height":1024,"mime-type":"image\/jpeg","filesize":153403,"url":"https:\/\/afvan.com\/wp-content\/uploads\/2024\/10\/CARTELL-PITAVOLA-2024-XXSS-724x1024.jpg"},"thumbnail":{"width":150,"height":150,"mime-type":"image\/jpeg","filesize":40510,"url":"https:\/\/afvan.com\/wp-content\/uploads\/2024\/10\/CARTELL-PITAVOLA-2024-XXSS-150x150.jpg"},"medium_large":{"width":768,"height":1086,"mime-type":"image\/jpeg","filesize":164325,"url":"https:\/\/afvan.com\/wp-content\/uploads\/2024\/10\/CARTELL-PITAVOLA-2024-XXSS-768x1086.jpg"},"master_addons_team_thumb":{"width":250,"height":330,"mime-type":"image\/jpeg","filesize":56077,"url":"https:\/\/afvan.com\/wp-content\/uploads\/2024\/10\/CARTELL-PITAVOLA-2024-XXSS-250x330.jpg"},"1536x1536":{"width":1086,"height":1536,"mime-type":"image\/jpeg","filesize":247120,"url":"https:\/\/afvan.com\/wp-content\/uploads\/2024\/10\/CARTELL-PITAVOLA-2024-XXSS-1086x1536.jpg"},"2048x2048":{"width":1448,"height":2048,"mime-type":"image\/jpeg","filesize":351148,"url":"https:\/\/afvan.com\/wp-content\/uploads\/2024\/10\/CARTELL-PITAVOLA-2024-XXSS-1448x2048.jpg"},"tp-image-grid":{"width":700,"height":700,"mime-type":"image\/jpeg","filesize":121811,"url":"https:\/\/afvan.com\/wp-content\/uploads\/2024\/10\/CARTELL-PITAVOLA-2024-XXSS-700x700.jpg"},"htmega_size_585x295":{"width":585,"height":295,"mime-type":"image\/jpeg","filesize":72437,"url":"https:\/\/afvan.com\/wp-content\/uploads\/2024\/10\/CARTELL-PITAVOLA-2024-XXSS-585x295.jpg"},"htmega_size_1170x536":{"width":1170,"height":536,"mime-type":"image\/jpeg","filesize":131949,"url":"https:\/\/afvan.com\/wp-content\/uploads\/2024\/10\/CARTELL-PITAVOLA-2024-XXSS-1170x536.jpg"},"htmega_size_396x360":{"width":396,"height":360,"mime-type":"image\/jpeg","filesize":67712,"url":"https:\/\/afvan.com\/wp-content\/uploads\/2024\/10\/CARTELL-PITAVOLA-2024-XXSS-396x360.jpg"},"woocommerce_thumbnail":{"width":300,"height":300,"mime-type":"image\/jpeg","filesize":18307,"uncropped":false,"url":"https:\/\/afvan.com\/wp-content\/uploads\/2024\/10\/CARTELL-PITAVOLA-2024-XXSS-300x300.jpg"},"woocommerce_gallery_thumbnail":{"width":100,"height":100,"mime-type":"image\/jpeg","filesize":3226,"url":"https:\/\/afvan.com\/wp-content\/uploads\/2024\/10\/CARTELL-PITAVOLA-2024-XXSS-100x100.jpg"}}},"all_day":false,"start_date":"2024-10-12 16:00:00","start_date_details":{"year":"2024","month":"10","day":"12","hour":"16","minutes":"00","seconds":"00"},"end_date":"2024-10-13 18:30:00","end_date_details":{"year":"2024","month":"10","day":"13","hour":"18","minutes":"30","seconds":"00"},"utc_start_date":"2024-10-12 14:00:00","utc_start_date_details":{"year":"2024","month":"10","day":"12","hour":"14","minutes":"00","seconds":"00"},"utc_end_date":"2024-10-13 16:30:00","utc_end_date_details":{"year":"2024","month":"10","day":"13","hour":"16","minutes":"30","seconds":"00"},"timezone":"UTC+1","timezone_abbr":"UTC+1","cost":"\u20ac2","cost_details":{"currency_symbol":"\u20ac","currency_code":"EUR","currency_position":"prefix","values":["2"]},"website":"","show_map":true,"show_map_link":true,"hide_from_listings":false,"sticky":false,"featured":false,"categories":[],"tags":[],"venue":{"id":1795,"author":"1","status":"publish","date":"2023-06-14 07:51:16","date_utc":"2023-06-14 06:51:16","modified":"2023-08-04 08:03:48","modified_utc":"2023-08-04 07:03:48","url":"https:\/\/afvan.com\/index.php\/recinte\/parking-comallemple\/","venue":"Mirador Arinsal \/ Parking Comallemple","slug":"parking-comallemple","image":{"url":"https:\/\/afvan.com\/wp-content\/uploads\/2023\/06\/pking-arinsal.jpg","id":1796,"extension":"jpg","width":933,"height":700,"filesize":80417,"sizes":{"medium":{"width":300,"height":225,"mime-type":"image\/jpeg","filesize":13031,"url":"https:\/\/afvan.com\/wp-content\/uploads\/2023\/06\/pking-arinsal-300x225.jpg"},"thumbnail":{"width":150,"height":150,"mime-type":"image\/jpeg","filesize":4600,"url":"https:\/\/afvan.com\/wp-content\/uploads\/2023\/06\/pking-arinsal-150x150.jpg"},"medium_large":{"width":768,"height":576,"mime-type":"image\/jpeg","filesize":68511,"url":"https:\/\/afvan.com\/wp-content\/uploads\/2023\/06\/pking-arinsal-768x576.jpg"},"htmega_size_585x295":{"width":585,"height":295,"mime-type":"image\/jpeg","filesize":31680,"url":"https:\/\/afvan.com\/wp-content\/uploads\/2023\/06\/pking-arinsal-585x295.jpg"},"htmega_size_1170x536":{"width":933,"height":536,"mime-type":"image\/jpeg","filesize":86280,"url":"https:\/\/afvan.com\/wp-content\/uploads\/2023\/06\/pking-arinsal-933x536.jpg"},"htmega_size_396x360":{"width":396,"height":360,"mime-type":"image\/jpeg","filesize":23460,"url":"https:\/\/afvan.com\/wp-content\/uploads\/2023\/06\/pking-arinsal-396x360.jpg"}}},"address":"HFCF+V2 Arinsal","city":"Arinsal","country":"Andorra","province":"La Massana","zip":"AD400","website":"https:\/\/goo.gl\/maps\/4mmRDZJiKaGveQpQ7","stateprovince":"La Massana","json_ld":{"@type":"Place","name":"Mirador Arinsal \/ Parking Comallemple","description":"","image":"https:\/\/afvan.com\/wp-content\/uploads\/2023\/06\/pking-arinsal.jpg","url":"","address":{"@type":"PostalAddress","streetAddress":"HFCF+V2 Arinsal","addressLocality":"Arinsal","addressRegion":"La Massana","postalCode":"AD400","addressCountry":"Andorra"},"telephone":"","sameAs":"https:\/\/goo.gl\/maps\/4mmRDZJiKaGveQpQ7"},"show_map":true,"show_map_link":true,"global_id":"afvan.com?id=1795","global_id_lineage":["afvan.com?id=1795"]},"organizer":[{"id":2122,"author":"1","status":"publish","date":"2023-06-22 08:12:50","date_utc":"2023-06-22 07:12:50","modified":"2023-06-22 08:12:50","modified_utc":"2023-06-22 07:12:50","url":"https:\/\/afvan.com\/index.php\/organitzador\/oficina-turisme-la-massana-2\/","organizer":"Oficina Turisme La Massana","description":"<h3 class=\"text-2xl font-bold mb-4\">Horari<\/h3>\n<p class=\"my-3\">\ud83d\udcc5 Cada dia de 9h a 13h i de 15h a 19h<\/p>\n<p class=\"w-2\/3 my-2\">\u2600\ufe0f Estiu cada dia de 9h a 19h<\/p>","slug":"oficina-turisme-la-massana-2","phone":"(+376) 835 693","website":"https:\/\/www.visitlamassana.ad\/es","email":"turisme@comumassana.ad","json_ld":{"@type":"Person","name":"Oficina Turisme La Massana","description":"&lt;p&gt;Horari \ud83d\udcc5 Cada dia de 9h a 13h i de 15h a 19h \u2600\ufe0f Estiu cada dia de 9h a 19h&lt;\/p&gt;\\n","url":"https:\/\/www.visitlamassana.ad\/es","telephone":"(+376) 835 693","email":"&#116;&#117;ri&#115;&#109;e&#64;c&#111;&#109;&#117;ma&#115;&#115;a&#110;a.&#97;d","sameAs":"https:\/\/www.visitlamassana.ad\/es"},"global_id":"afvan.com?id=2122","global_id_lineage":["afvan.com?id=2122"]},{"id":1798,"author":"1","status":"publish","date":"2023-06-14 07:56:07","date_utc":"2023-06-14 06:56:07","modified":"2023-06-15 16:18:22","modified_utc":"2023-06-15 15:18:22","url":"https:\/\/afvan.com\/index.php\/organitzador\/oficina-turisme-la-massana\/","organizer":"Comu de la Massana","description":"<div class=\"row\">\n<div class=\"col-md-8\">\n<p>De dilluns a dijous : de 8.30h a 17h<br \/>\nDivendres : de 8.00h a 14.30h<br \/>\nHorari d\u2019estiu: De dilluns a divendres : de 8h a 14.30h<\/p>\n<\/div>\n<\/div>\n<div id=\"telefons\" class=\"row mt-5\">\n<div class=\"col-md-12\"><\/div>\n<\/div>","slug":"oficina-turisme-la-massana","image":{"url":"https:\/\/afvan.com\/wp-content\/uploads\/2023\/05\/logo-lamassana-edited.png","id":1335,"extension":"png","width":210,"height":83,"filesize":16541,"sizes":{"thumbnail":{"width":150,"height":83,"mime-type":"image\/png","filesize":11732,"url":"https:\/\/afvan.com\/wp-content\/uploads\/2023\/05\/logo-lamassana-edited-150x83.png"}},"parent_image":{"attachment_id":"1115","file":"2023\/05\/logo-lamassana.png"}},"phone":"+376 736 900","website":"https:\/\/www.lamassana.ad\/","json_ld":{"@type":"Person","name":"Comu de la Massana","description":"&lt;p&gt;De dilluns a dijous : de 8.30h a 17h Divendres : de 8.00h a 14.30h Horari d\u2019estiu: De dilluns a divendres : de 8h a 14.30h&lt;\/p&gt;\\n","image":"https:\/\/afvan.com\/wp-content\/uploads\/2023\/05\/logo-lamassana-edited.png","url":"https:\/\/www.lamassana.ad\/","telephone":"+376 736 900","email":"","sameAs":"https:\/\/www.lamassana.ad\/"},"global_id":"afvan.com?id=1798","global_id_lineage":["afvan.com?id=1798"]}],"custom_fields":[],"json_ld":{"@context":"http:\/\/schema.org","@type":"Event","name":"Taller Fotografia Paisatge PITAVOLA","description":"&lt;p&gt;Taller de Fotografia de\u00a0Paissatge Data i Punt de Reuni\u00f3: \u2060 \u2060Punt de trobada: Circuit Interpretatiu, Arinsal , Carretera del Prat de Riuder, 3 (42,57973\u00b0 N, 1,47604\u00b0 E \u2060 \u2060Horari: De 16:00 h a 19:00 h Participants: \u2060 \u2060Nombre m\u00e0xim de persones: 15 participants Descripci\u00f3 de l\\'activitat: Aquest taller est\u00e0 pensat per a tots aquells que vulguin aprendre i millorar les seves habilitats en la fotografia de paisatge, aprofitant l\\'entorn natural i captivador del bosc. \u2060 \u2060Comen\u00e7arem amb una xerrada introduct\u00f2ria, on explicarem les t\u00e8cniques b\u00e0siques que posarem en pr\u00e0ctica durant l\\'activitat. \u2060 \u2060Ens repartirem en grups petits per facilitar l\\'aprenentatge individualitzat i una millor experi\u00e8ncia en el camp. \u2060 \u2060Treballarem la regla dels ter\u00e7os per crear composicions equilibrades i atractives. \u2060 \u2060Tamb\u00e9 aprendrem sobre la composici\u00f3 i la profunditat de camp, elements clau en la fotografia de paisatge. \u2060 \u2060A m\u00e9s, durant la sessi\u00f3, farem una pausa per connectar amb la natura, escoltant els sons del bosc i aprofitant aquesta tranquil\u00b7litat per inspirar-nos en les nostres fotografies. Material necessari: \u2060\u2060Roba de muntanya adequada per caminar i protegir-se del clima. \u2060\u2060Cal\u00e7at de muntanya c\u00f2mode i amb bona adher\u00e8ncia. \u2060\u2060Llanterna o frontal (per si fos necessari a l\u2019acabar el taller). \u2060\u2060C\u00e0mera r\u00e8flex o mirrorless amb la qual puguis controlar les configuracions manuals. \u2060\u2060Tr\u00edpode, per a estabilitzar la c\u00e0mera en exposicions llargues. \u2060 \u2060Objectiu angular per capturar paisatges amplis. Recomanacions: \u2060 \u2060Porteu aigua i alguna cosa lleugera per menjar. Inscripcions: Es podr\u00e0 fer la reserva dels tipus d\u2019entrades a trav\u00e9s del seg\u00fcent enlla\u00e7 AF TRIPTIC 2024 WEB&lt;\/p&gt;\\n","image":"https:\/\/afvan.com\/wp-content\/uploads\/2024\/10\/CARTELL-PITAVOLA-2024-XXSS.jpg","url":"https:\/\/afvan.com\/index.php\/event\/taller-fotografia-paisatge-pitavola\/","eventAttendanceMode":"https:\/\/schema.org\/OfflineEventAttendanceMode","eventStatus":"https:\/\/schema.org\/EventScheduled","startDate":"2024-10-12T16:00:00+01:00","endDate":"2024-10-13T18:30:00+01:00","location":{"@type":"Place","name":"Mirador Arinsal \/ Parking Comallemple","description":"","image":"https:\/\/afvan.com\/wp-content\/uploads\/2023\/06\/pking-arinsal.jpg","url":"","address":{"@type":"PostalAddress","streetAddress":"HFCF+V2 Arinsal","addressLocality":"Arinsal","addressRegion":"La Massana","postalCode":"AD400","addressCountry":"Andorra"},"telephone":"","sameAs":"https:\/\/goo.gl\/maps\/4mmRDZJiKaGveQpQ7"},"organizer":{"@type":"Person","name":"Oficina Turisme La Massana","description":"&lt;p&gt;Horari \ud83d\udcc5 Cada dia de 9h a 13h i de 15h a 19h \u2600\ufe0f Estiu cada dia de 9h a 19h&lt;\/p&gt;\\n","url":"https:\/\/www.visitlamassana.ad\/es","telephone":"(+376) 835 693","email":"t&#117;&#114;i&#115;me&#64;co&#109;&#117;ma&#115;s&#97;na.ad","sameAs":"https:\/\/www.visitlamassana.ad\/es"},"offers":{"@type":"Offer","price":"2","priceCurrency":"EUR","url":"https:\/\/afvan.com\/index.php\/event\/taller-fotografia-paisatge-pitavola\/","category":"primary","availability":"inStock","validFrom":"2024-09-10T00:00:00+00:00"},"performer":"Organization"}}