{"id":5610,"global_id":"afvan.com?id=5610","global_id_lineage":["afvan.com?id=5610"],"author":"1","status":"publish","date":"2025-04-26 11:30:08","date_utc":"2025-04-26 10:30:08","modified":"2025-04-30 14:06:42","modified_utc":"2025-04-30 13:06:42","url":"https:\/\/afvan.com\/index.php\/event\/taller-fotografia-gent-gran\/","rest_url":"https:\/\/afvan.com\/index.php\/wp-json\/tribe\/events\/v1\/events\/5610","title":"Taller Fotografia Gent Gran","description":"<p>Taller fotografia<\/p>\n<p>T\u2019agrada la fotografia o tens curiositat per aprendre\u2019n? Etconvidem a participar en aquest taller per aprendre a fer fotografies espectaculars amb el m\u00f2bil (Android o iOS) o amb una c\u00e0mera de fotos, utilitzant un llenguatge senzill i pr\u00e0ctic<\/p>","excerpt":"","slug":"taller-fotografia-gent-gran","image":{"url":"https:\/\/afvan.com\/wp-content\/uploads\/2025\/04\/taller-2705-fotografia.jpg","id":5612,"extension":"jpg","width":4959,"height":7015,"filesize":2668707,"sizes":{"medium":{"width":212,"height":300,"mime-type":"image\/jpeg","filesize":24275,"url":"https:\/\/afvan.com\/wp-content\/uploads\/2025\/04\/taller-2705-fotografia-212x300.jpg"},"large":{"width":724,"height":1024,"mime-type":"image\/jpeg","filesize":144109,"url":"https:\/\/afvan.com\/wp-content\/uploads\/2025\/04\/taller-2705-fotografia-724x1024.jpg"},"thumbnail":{"width":150,"height":150,"mime-type":"image\/jpeg","filesize":11882,"url":"https:\/\/afvan.com\/wp-content\/uploads\/2025\/04\/taller-2705-fotografia-150x150.jpg"},"medium_large":{"width":768,"height":1086,"mime-type":"image\/jpeg","filesize":160691,"url":"https:\/\/afvan.com\/wp-content\/uploads\/2025\/04\/taller-2705-fotografia-768x1086.jpg"},"1536x1536":{"width":1086,"height":1536,"mime-type":"image\/jpeg","filesize":255422,"url":"https:\/\/afvan.com\/wp-content\/uploads\/2025\/04\/taller-2705-fotografia-1086x1536.jpg"},"2048x2048":{"width":1448,"height":2048,"mime-type":"image\/jpeg","filesize":372270,"url":"https:\/\/afvan.com\/wp-content\/uploads\/2025\/04\/taller-2705-fotografia-1448x2048.jpg"},"tp-image-grid":{"width":700,"height":700,"mime-type":"image\/jpeg","filesize":105837,"url":"https:\/\/afvan.com\/wp-content\/uploads\/2025\/04\/taller-2705-fotografia-700x700.jpg"},"htmega_size_585x295":{"width":585,"height":295,"mime-type":"image\/jpeg","filesize":50716,"url":"https:\/\/afvan.com\/wp-content\/uploads\/2025\/04\/taller-2705-fotografia-585x295.jpg"},"htmega_size_1170x536":{"width":1170,"height":536,"mime-type":"image\/jpeg","filesize":104230,"url":"https:\/\/afvan.com\/wp-content\/uploads\/2025\/04\/taller-2705-fotografia-1170x536.jpg"},"htmega_size_396x360":{"width":396,"height":360,"mime-type":"image\/jpeg","filesize":44169,"url":"https:\/\/afvan.com\/wp-content\/uploads\/2025\/04\/taller-2705-fotografia-396x360.jpg"}}},"all_day":false,"start_date":"2025-05-27 18:30:00","start_date_details":{"year":"2025","month":"05","day":"27","hour":"18","minutes":"30","seconds":"00"},"end_date":"2025-05-27 19:30:00","end_date_details":{"year":"2025","month":"05","day":"27","hour":"19","minutes":"30","seconds":"00"},"utc_start_date":"2025-05-27 16:30:00","utc_start_date_details":{"year":"2025","month":"05","day":"27","hour":"16","minutes":"30","seconds":"00"},"utc_end_date":"2025-05-27 17:30:00","utc_end_date_details":{"year":"2025","month":"05","day":"27","hour":"17","minutes":"30","seconds":"00"},"timezone":"UTC+1","timezone_abbr":"UTC+1","cost":"","cost_details":{"currency_symbol":"\u20ac","currency_code":"EUR","currency_position":"prefix","values":[]},"website":"","show_map":true,"show_map_link":true,"hide_from_listings":false,"sticky":false,"featured":false,"categories":[],"tags":[],"venue":{"id":5608,"author":"1","status":"publish","date":"2025-04-26 11:18:03","date_utc":"2025-04-26 10:18:03","modified":"2025-04-26 11:18:03","modified_utc":"2025-04-26 10:18:03","url":"https:\/\/afvan.com\/index.php\/recinte\/casa-pairal-la-massana\/","venue":"Casa Pairal La Massana","slug":"casa-pairal-la-massana","address":"av sant Antoni 29","city":"Lamasana","country":"Andorra","zip":"AD400","json_ld":{"@type":"Place","name":"Casa Pairal La Massana","description":"","url":"","address":{"@type":"PostalAddress","streetAddress":"av sant Antoni 29","addressLocality":"Lamasana","postalCode":"AD400","addressCountry":"Andorra"},"telephone":"","sameAs":""},"show_map":true,"show_map_link":true,"global_id":"afvan.com?id=5608","global_id_lineage":["afvan.com?id=5608"]},"organizer":[{"id":2857,"author":"1","status":"publish","date":"2023-10-24 20:06:02","date_utc":"2023-10-24 19:06:02","modified":"2023-10-24 20:06:02","modified_utc":"2023-10-24 19:06:02","url":"https:\/\/afvan.com\/index.php\/organitzador\/afvan-associacio-fotografica-valls-del-nord\/","organizer":"AFVAN &#8211; Associaci\u00f3 Fotogr\u00e0fica Valls del Nord","slug":"afvan-associacio-fotografica-valls-del-nord","website":"https:\/\/afvan.com","email":"Info@afvan.com","json_ld":{"@type":"Person","name":"AFVAN &#8211; Associaci\u00f3 Fotogr\u00e0fica Valls del Nord","description":"","url":"https:\/\/afvan.com","telephone":"","email":"&#73;nf&#111;&#64;af&#118;a&#110;&#46;co&#109;","sameAs":"https:\/\/afvan.com"},"global_id":"afvan.com?id=2857","global_id_lineage":["afvan.com?id=2857"]},{"id":1798,"author":"1","status":"publish","date":"2023-06-14 07:56:07","date_utc":"2023-06-14 06:56:07","modified":"2023-06-15 16:18:22","modified_utc":"2023-06-15 15:18:22","url":"https:\/\/afvan.com\/index.php\/organitzador\/oficina-turisme-la-massana\/","organizer":"Comu de la Massana","description":"<div class=\"row\">\n<div class=\"col-md-8\">\n<p>De dilluns a dijous : de 8.30h a 17h<br \/>\nDivendres : de 8.00h a 14.30h<br \/>\nHorari d\u2019estiu: De dilluns a divendres : de 8h a 14.30h<\/p>\n<\/div>\n<\/div>\n<div id=\"telefons\" class=\"row mt-5\">\n<div class=\"col-md-12\"><\/div>\n<\/div>","slug":"oficina-turisme-la-massana","image":{"url":"https:\/\/afvan.com\/wp-content\/uploads\/2023\/05\/logo-lamassana-edited.png","id":1335,"extension":"png","width":210,"height":83,"filesize":16541,"sizes":{"thumbnail":{"width":150,"height":83,"mime-type":"image\/png","filesize":11732,"url":"https:\/\/afvan.com\/wp-content\/uploads\/2023\/05\/logo-lamassana-edited-150x83.png"}},"parent_image":{"attachment_id":"1115","file":"2023\/05\/logo-lamassana.png"}},"phone":"+376 736 900","website":"https:\/\/www.lamassana.ad\/","json_ld":{"@type":"Person","name":"Comu de la Massana","description":"&lt;p&gt;De dilluns a dijous : de 8.30h a 17h Divendres : de 8.00h a 14.30h Horari d\u2019estiu: De dilluns a divendres : de 8h a 14.30h&lt;\/p&gt;\\n","image":"https:\/\/afvan.com\/wp-content\/uploads\/2023\/05\/logo-lamassana-edited.png","url":"https:\/\/www.lamassana.ad\/","telephone":"+376 736 900","email":"","sameAs":"https:\/\/www.lamassana.ad\/"},"global_id":"afvan.com?id=1798","global_id_lineage":["afvan.com?id=1798"]}],"custom_fields":[],"json_ld":{"@context":"http:\/\/schema.org","@type":"Event","name":"Taller Fotografia Gent Gran","description":"&lt;p&gt;Taller fotografia T\u2019agrada la fotografia o tens curiositat per aprendre\u2019n? Etconvidem a participar en aquest taller per aprendre a fer fotografies espectaculars amb el m\u00f2bil (Android o iOS) o amb una c\u00e0mera de fotos, utilitzant un llenguatge senzill i pr\u00e0ctic&lt;\/p&gt;\\n","image":"https:\/\/afvan.com\/wp-content\/uploads\/2025\/04\/taller-2705-fotografia.jpg","url":"https:\/\/afvan.com\/index.php\/event\/taller-fotografia-gent-gran\/","eventAttendanceMode":"https:\/\/schema.org\/OfflineEventAttendanceMode","eventStatus":"https:\/\/schema.org\/EventScheduled","startDate":"2025-05-27T18:30:00+01:00","endDate":"2025-05-27T19:30:00+01:00","location":{"@type":"Place","name":"Casa Pairal La Massana","description":"","url":"","address":{"@type":"PostalAddress","streetAddress":"av sant Antoni 29","addressLocality":"Lamasana","postalCode":"AD400","addressCountry":"Andorra"},"telephone":"","sameAs":""},"organizer":{"@type":"Person","name":"AFVAN &#8211; Associaci\u00f3 Fotogr\u00e0fica Valls del Nord","description":"","url":"https:\/\/afvan.com","telephone":"","email":"I&#110;fo&#64;&#97;&#102;v&#97;n&#46;c&#111;&#109;","sameAs":"https:\/\/afvan.com"},"performer":"Organization"}}