{"id":1615,"date":"2023-05-21T16:42:39","date_gmt":"2023-05-21T15:42:39","guid":{"rendered":"https:\/\/afvan.com\/?p=1615"},"modified":"2023-07-05T09:39:45","modified_gmt":"2023-07-05T08:39:45","slug":"certificacio-starlight","status":"publish","type":"post","link":"https:\/\/afvan.com\/index.php\/2023\/05\/21\/certificacio-starlight\/","title":{"rendered":"Certificaci\u00f3 Starlight"},"content":{"rendered":"\n<figure class=\"wp-block-image aligncenter size-full is-resized has-custom-border is-style-rounded\"><img fetchpriority=\"high\" decoding=\"async\" src=\"https:\/\/afvan.com\/wp-content\/uploads\/2023\/05\/starlightlogotipo-5.png\" alt=\"\" class=\"wp-image-1425\" style=\"border-style:none;border-width:0px;border-radius:0px\" width=\"330\" height=\"227\"\/><\/figure>\n\n\n\n<div class=\"wp-block-media-text alignwide is-stacked-on-mobile\" style=\"grid-template-columns:53% auto\"><figure class=\"wp-block-media-text__media\"><img decoding=\"async\" width=\"1024\" height=\"812\" src=\"https:\/\/afvan.com\/wp-content\/uploads\/2023\/05\/starlight_001-2.jpg\" alt=\"\" class=\"wp-image-1434 size-full\" srcset=\"https:\/\/afvan.com\/wp-content\/uploads\/2023\/05\/starlight_001-2.jpg 1024w, https:\/\/afvan.com\/wp-content\/uploads\/2023\/05\/starlight_001-2-300x238.jpg 300w, https:\/\/afvan.com\/wp-content\/uploads\/2023\/05\/starlight_001-2-768x609.jpg 768w\" sizes=\"(max-width: 1024px) 100vw, 1024px\" \/><\/figure><div class=\"wp-block-media-text__content\">\n<p class=\"has-text-align-center has-ast-global-color-2-color has-text-color has-large-font-size\">Curs de Monitor Starlight<\/p>\n\n\n\n<p class=\"has-text-align-center has-ast-global-color-2-color has-text-color\">El curs de monitor astron\u00f2mic, organitzat pel Com\u00fa de la Massana i impartit per la Fundaci\u00f3 Starlight, ha atret l\u2019inter\u00e8s d\u2019un p\u00fablic molt variat. Una part dels participants venen del sector cient\u00edfic i molts ja tenen formaci\u00f3 en astronomia; d\u2019altres treballen en el m\u00f3n del turisme; per\u00f2 tamb\u00e9 hi ha fot\u00f2grafs, docents, funcionaris, estudiants\u2026 Fins i tot hi ha una persona jubilada que t\u00e9 ganes de continuar aprenent. Molts alumnes han vingut des de diferents poblacions catalanes i espanyoles. La motivaci\u00f3 \u00e9s la mateixa: obtenir la certificaci\u00f3 oficial Starlight, ja sigui per dedicar-s\u2019hi o per ampliar els seus coneixements.<\/p>\n\n\n\n<p class=\"has-text-align-center has-ast-global-color-2-color has-text-color\">Han obert el curs la c\u00f2nsol menor, Eva Sansa, i la ministra de Medi Ambient en funcions, Silvia Calv\u00f3, que han coincidint amb el potencial d\u2019Andorra per oferir un tipus de producte sostenible i que va a l\u2019al\u00e7a, l\u2019astroturisme, que combina l\u2019observaci\u00f3 del cel amb activitats de divulgaci\u00f3 i oci relacionades amb l\u2019astronomia. Tamb\u00e9 hi ha estat presents els consellers de Medi Ambient, Sergi Gueimonde, i de Turisme, Josep Maria Garrall\u00e0, ja que els dos departaments treballen plegats per desenvolupar el programa batejat amb el nom d\u2019Andorra Comapedrosa Starlight.<\/p>\n<\/div><\/div>\n\n\n\n<div style=\"height:50px\" aria-hidden=\"true\" class=\"wp-block-spacer\"><\/div>\n\n\n\n<div class=\"wp-block-media-text alignwide has-media-on-the-right is-stacked-on-mobile\" style=\"grid-template-columns:auto 43%\"><div class=\"wp-block-media-text__content\">\n<p class=\"has-text-align-center has-ast-global-color-2-color has-text-color\">Recordem que a Massana va obtenir el passat mes de gener la doble certificaci\u00f3 de Destinaci\u00f3 Tur\u00edstica i reserva Starlight, un segell que acredita la qualitat del cel fosc i les millors condicions per a la observaci\u00f3 de la via l\u00e0ctia, a m\u00e9s d\u2019un comprom\u00eds per a la seva protecci\u00f3 i conservaci\u00f3. Sansa ha remarcat que per poder tirar endavant activitats relacionades amb l\u2019astroturisme caldr\u00e0 disposar de professionals preparats i per aix\u00f2 aquest curs donar\u00e0 acc\u00e9s a una nova sortida laboral.<\/p>\n<\/div><figure class=\"wp-block-media-text__media\"><img decoding=\"async\" width=\"1024\" height=\"512\" src=\"https:\/\/afvan.com\/wp-content\/uploads\/2023\/05\/Starlight2_Logo-1900-1-1024x512.png\" alt=\"\" class=\"wp-image-1427 size-full\" srcset=\"https:\/\/afvan.com\/wp-content\/uploads\/2023\/05\/Starlight2_Logo-1900-1-1024x512.png 1024w, https:\/\/afvan.com\/wp-content\/uploads\/2023\/05\/Starlight2_Logo-1900-1-300x150.png 300w, https:\/\/afvan.com\/wp-content\/uploads\/2023\/05\/Starlight2_Logo-1900-1-768x384.png 768w, https:\/\/afvan.com\/wp-content\/uploads\/2023\/05\/Starlight2_Logo-1900-1-1536x768.png 1536w, https:\/\/afvan.com\/wp-content\/uploads\/2023\/05\/Starlight2_Logo-1900-1.png 1900w\" sizes=\"(max-width: 1024px) 100vw, 1024px\" \/><\/figure><\/div>\n\n\n\n<div style=\"height:50px\" aria-hidden=\"true\" class=\"wp-block-spacer\"><\/div>\n\n\n\n<div class=\"wp-block-media-text alignwide is-stacked-on-mobile\"><figure class=\"wp-block-media-text__media\"><img loading=\"lazy\" decoding=\"async\" width=\"1024\" height=\"684\" src=\"https:\/\/afvan.com\/wp-content\/uploads\/2023\/05\/WhatsApp-Image-2023-05-05-at-08.13.46-1024x684.jpeg\" alt=\"\" class=\"wp-image-1105 size-full\" srcset=\"https:\/\/afvan.com\/wp-content\/uploads\/2023\/05\/WhatsApp-Image-2023-05-05-at-08.13.46-1024x684.jpeg 1024w, https:\/\/afvan.com\/wp-content\/uploads\/2023\/05\/WhatsApp-Image-2023-05-05-at-08.13.46-300x200.jpeg 300w, https:\/\/afvan.com\/wp-content\/uploads\/2023\/05\/WhatsApp-Image-2023-05-05-at-08.13.46-768x513.jpeg 768w, https:\/\/afvan.com\/wp-content\/uploads\/2023\/05\/WhatsApp-Image-2023-05-05-at-08.13.46-1536x1025.jpeg 1536w, https:\/\/afvan.com\/wp-content\/uploads\/2023\/05\/WhatsApp-Image-2023-05-05-at-08.13.46.jpeg 1600w\" sizes=\"(max-width: 1024px) 100vw, 1024px\" \/><\/figure><div class=\"wp-block-media-text__content\">\n<p class=\"has-text-align-center has-ast-global-color-2-color has-text-color\">La primera classe ha anat a c\u00e0rrec de la directora de la Fundaci\u00f3 Starlight, Antonia Varela, que ha explicat les bases del turisme cient\u00edfic i els avantatges de l\u2019astroturisme, ja que \u00e9s un recurs obert durant tot l\u2019any i que, per tant, contribueix a la desestacionalitzaci\u00f3.<\/p>\n\n\n\n<p class=\"has-text-align-center has-ast-global-color-2-color has-text-color\">La formaci\u00f3 compta amb la col\u00b7laboraci\u00f3 del Govern d\u2019Andorra i l\u2019hotel Sant Gothard d\u2019Arinsal, on s\u2019imparteix el curs. Hi haur\u00e0 classes d\u2019hist\u00f2ria de l\u2019astronomia, introducci\u00f3 a l\u2019astrofotografia, funcions del guia Starlight o par\u00e0metres de la qualitat del cel. A m\u00e9s, hi haur\u00e0 diverses sortides pr\u00e0ctiques, tant d\u2019observaci\u00f3 del sol com de la via l\u00e0ctia.<\/p>\n<\/div><\/div>\n\n\n\n<div style=\"height:50px\" aria-hidden=\"true\" class=\"wp-block-spacer\"><\/div>\n\n\n\n<div class=\"wp-block-media-text alignwide has-media-on-the-right is-stacked-on-mobile\"><div class=\"wp-block-media-text__content\">\n<p class=\"has-text-align-center has-ast-global-color-2-color has-text-color\">Bones valoracions dels participants al curs de monitor astrotur\u00edstic, organitzat pel Com\u00fa de la Massana i impartit per la Fundaci\u00f3 Starlight. Els consellers de Medi Ambient i Turisme, Sergi Gueimonde i Josep Maria Garrall\u00e0, juntament amb el Secretari d\u2019Estat d\u2019Agricultura i Sostenibilitat, Marc Rossell, i la directora de la Fundaci\u00f3 Starlight, Antoni Varela, &nbsp;han estat els encarregats de lliurar els diplomes a la primera promoci\u00f3 de guies astrotur\u00edstics formats al pa\u00eds.<\/p>\n\n\n\n<p class=\"has-text-align-center has-ast-global-color-2-color has-text-color\">Gueimonde ha agra\u00eft la tasca dels formadors del curs i tamb\u00e9 la confian\u00e7a dels alumnes, molts dels quals han vingut de diferents punts de Catalunya i de la resta de l\u2019estat espanyol. Per la seva banda, Garrall\u00e0 ha remarcat l\u2019aposta per l\u2019astroturisme, ja que segueix les l\u00ednies de turisme sostenible i responsable, un dels pilars de l\u2019estrat\u00e8gia tur\u00edstica del Com\u00fa de la Massana. De fet, la Massana disposa del segell Andorra Comapedrosa Starlight, amb la doble certificaci\u00f3 de Destinaci\u00f3 Tur\u00edstica i Reserva, que acredita un cel fosc de qualitat.<\/p>\n<\/div><figure class=\"wp-block-media-text__media\"><img loading=\"lazy\" decoding=\"async\" width=\"1024\" height=\"684\" src=\"https:\/\/afvan.com\/wp-content\/uploads\/2023\/05\/WhatsApp-Image-2023-05-05-at-08.13.46-1-1024x684.jpeg\" alt=\"\" class=\"wp-image-1106 size-full\" srcset=\"https:\/\/afvan.com\/wp-content\/uploads\/2023\/05\/WhatsApp-Image-2023-05-05-at-08.13.46-1-1024x684.jpeg 1024w, https:\/\/afvan.com\/wp-content\/uploads\/2023\/05\/WhatsApp-Image-2023-05-05-at-08.13.46-1-300x200.jpeg 300w, https:\/\/afvan.com\/wp-content\/uploads\/2023\/05\/WhatsApp-Image-2023-05-05-at-08.13.46-1-768x513.jpeg 768w, https:\/\/afvan.com\/wp-content\/uploads\/2023\/05\/WhatsApp-Image-2023-05-05-at-08.13.46-1-1536x1025.jpeg 1536w, https:\/\/afvan.com\/wp-content\/uploads\/2023\/05\/WhatsApp-Image-2023-05-05-at-08.13.46-1.jpeg 1600w\" sizes=\"(max-width: 1024px) 100vw, 1024px\" \/><\/figure><\/div>\n\n\n\n<div style=\"height:50px\" aria-hidden=\"true\" class=\"wp-block-spacer\"><\/div>\n\n\n\n<div class=\"wp-block-media-text alignwide is-stacked-on-mobile\" style=\"grid-template-columns:39% auto\"><figure class=\"wp-block-media-text__media\"><img loading=\"lazy\" decoding=\"async\" width=\"768\" height=\"1024\" src=\"https:\/\/afvan.com\/wp-content\/uploads\/2023\/05\/starlight_002.jpg\" alt=\"\" class=\"wp-image-1435 size-full\" srcset=\"https:\/\/afvan.com\/wp-content\/uploads\/2023\/05\/starlight_002.jpg 768w, https:\/\/afvan.com\/wp-content\/uploads\/2023\/05\/starlight_002-225x300.jpg 225w\" sizes=\"(max-width: 768px) 100vw, 768px\" \/><\/figure><div class=\"wp-block-media-text__content\">\n<p class=\"has-text-align-center has-ast-global-color-2-color has-text-color\">La formaci\u00f3 ha tingut una durada de sis dies i, segons els alumnes, ha estat molt densa, ja que hi ha hagut classes d\u2019hist\u00f2ria de l\u2019astronomia,introducci\u00f3 a l\u2019astrofotografia, funcions del guia Starlight o par\u00e0metres de la qualitat del cel. A m\u00e9s, tamb\u00e9 han fet sortides pr\u00e0ctiques, tant d\u2019observaci\u00f3 del sol com de la via l\u00e0ctia.<\/p>\n\n\n\n<p class=\"has-text-align-center has-ast-global-color-2-color has-text-color\">Tot i que el perfil dels alumnes \u00e9s molt diferents, tots fan una valoraci\u00f3 positiva dels curs. Els que procedeixen del m\u00f3n del turisme s\u2019han hagut d\u2019esfor\u00e7ar m\u00e9s en els continguts cient\u00edfics. I a l\u2019inrev\u00e9s, els que ja estaven formats en astrof\u00edsica, han pogut con\u00e8ixer com traslladar la ci\u00e8ncia al m\u00f3n del turisme. Tamb\u00e9 hi ha hagut alumnes d\u2019altres perfils, que consideren que el curs els ha estat molt profit\u00f3s.<\/p>\n\n\n\n<p class=\"has-text-align-center has-ast-global-color-2-color has-text-color\">Entre els alumnes fins i tot ja hi ha professionals que es dediquen a l\u2019astroturisme, com Kilian Vindel, que t\u00e9 una empresa a la Garrotxa i que ha vingut al curs \u201ca viure l\u2019experi\u00e8ncia de continuar aprenent i a obtenir la certificaci\u00f3 oficial Starlight, pel prestigi que t\u00e9\u201d. Un Altre dels nous guies titulats com a Monitor Starlight \u00e9s el nostre company Daniel Murcia, un dels membres fundadors de L&#8217;Associaci\u00f3 Fotogr\u00e0fica de les Valls del Nord (AFVAN).<\/p>\n<\/div><\/div>\n<div class=\"pvc_clear\"><\/div><p id=\"pvc_stats_1615\" class=\"pvc_stats all  \" data-element-id=\"1615\" style=\"\"><i class=\"pvc-stats-icon medium\" aria-hidden=\"true\"><svg xmlns=\"http:\/\/www.w3.org\/2000\/svg\" version=\"1.0\" viewBox=\"0 0 502 315\" preserveAspectRatio=\"xMidYMid meet\"><g transform=\"translate(0,332) scale(0.1,-0.1)\" fill=\"\" stroke=\"none\"><path d=\"M2394 3279 l-29 -30 -3 -207 c-2 -182 0 -211 15 -242 39 -76 157 -76 196 0 15 31 17 60 15 243 l-3 209 -33 29 c-26 23 -41 29 -80 29 -41 0 -53 -5 -78 -31z\"\/><path d=\"M3085 3251 c-45 -19 -58 -50 -96 -229 -47 -217 -49 -260 -13 -295 52 -53 146 -42 177 20 16 31 87 366 87 410 0 70 -86 122 -155 94z\"\/><path d=\"M1751 3234 c-13 -9 -29 -31 -37 -50 -12 -29 -10 -49 21 -204 19 -94 39 -189 45 -210 14 -50 54 -80 110 -80 34 0 48 6 76 34 21 21 34 44 34 59 0 14 -18 113 -40 219 -37 178 -43 195 -70 221 -36 32 -101 37 -139 11z\"\/><path d=\"M1163 3073 c-36 -7 -73 -59 -73 -102 0 -56 133 -378 171 -413 34 -32 83 -37 129 -13 70 36 67 87 -16 290 -86 209 -89 214 -129 231 -35 14 -42 15 -82 7z\"\/><path d=\"M3689 3066 c-15 -9 -33 -30 -42 -48 -48 -103 -147 -355 -147 -375 0 -98 131 -148 192 -74 13 15 57 108 97 206 80 196 84 226 37 273 -30 30 -99 39 -137 18z\"\/><path d=\"M583 2784 c-38 -19 -67 -74 -58 -113 9 -42 211 -354 242 -373 16 -10 45 -18 66 -18 51 0 107 52 107 100 0 39 -1 41 -124 234 -80 126 -108 162 -133 173 -41 17 -61 16 -100 -3z\"\/><path d=\"M4250 2784 c-14 -9 -74 -91 -133 -183 -95 -150 -107 -173 -107 -213 0 -55 33 -94 87 -104 67 -13 90 8 211 198 130 202 137 225 78 284 -27 27 -42 34 -72 34 -22 0 -50 -8 -64 -16z\"\/><path d=\"M2275 2693 c-553 -48 -1095 -270 -1585 -649 -135 -104 -459 -423 -483 -476 -23 -49 -22 -139 2 -186 73 -142 361 -457 571 -626 285 -228 642 -407 990 -497 242 -63 336 -73 660 -74 310 0 370 5 595 52 535 111 1045 392 1455 803 122 121 250 273 275 326 19 41 19 137 0 174 -41 79 -309 363 -465 492 -447 370 -946 591 -1479 653 -113 14 -422 18 -536 8z m395 -428 c171 -34 330 -124 456 -258 112 -119 167 -219 211 -378 27 -96 24 -300 -5 -401 -72 -255 -236 -447 -474 -557 -132 -62 -201 -76 -368 -76 -167 0 -236 14 -368 76 -213 98 -373 271 -451 485 -162 444 86 934 547 1084 153 49 292 57 452 25z m909 -232 c222 -123 408 -262 593 -441 76 -74 138 -139 138 -144 0 -16 -233 -242 -330 -319 -155 -123 -309 -223 -461 -299 l-81 -41 32 46 c18 26 49 83 70 128 143 306 141 649 -6 957 -25 52 -61 116 -79 142 l-34 47 45 -20 c26 -10 76 -36 113 -56z m-2057 25 c-40 -58 -105 -190 -130 -263 -110 -324 -59 -707 132 -981 25 -35 42 -64 37 -64 -19 0 -241 119 -326 174 -188 122 -406 314 -532 468 l-58 71 108 103 c185 178 428 349 672 473 66 33 121 60 123 61 2 0 -10 -19 -26 -42z\"\/><path d=\"M2375 1950 c-198 -44 -350 -190 -395 -379 -18 -76 -8 -221 19 -290 114 -284 457 -406 731 -260 98 52 188 154 231 260 27 69 37 214 19 290 -38 163 -166 304 -326 360 -67 23 -215 33 -279 19z\"\/><\/g><\/svg><\/i> <img loading=\"lazy\" decoding=\"async\" width=\"16\" height=\"16\" alt=\"Loading\" src=\"https:\/\/afvan.com\/wp-content\/plugins\/page-views-count\/ajax-loader-2x.gif\" border=0 \/><\/p><div class=\"pvc_clear\"><\/div>","protected":false},"excerpt":{"rendered":"<p>Curs de Monitor Starlight El curs de monitor astron\u00f2mic, organitzat pel Com\u00fa de la Massana i impartit per la Fundaci\u00f3 Starlight, ha atret l\u2019inter\u00e8s d\u2019un p\u00fablic molt variat. Una part dels participants venen del sector cient\u00edfic i molts ja tenen formaci\u00f3 en astronomia; d\u2019altres treballen en el m\u00f3n del turisme; per\u00f2 tamb\u00e9 hi ha fot\u00f2grafs, docents, funcionaris, estudiants\u2026 Fins i tot hi ha una persona jubilada que t\u00e9 ganes de continuar aprenent. Molts alumnes han vingut des de diferents poblacions catalanes i espanyoles. La motivaci\u00f3 \u00e9s la mateixa: obtenir la certificaci\u00f3 oficial Starlight, ja sigui per dedicar-s\u2019hi o per ampliar els seus coneixements. Han obert el curs la c\u00f2nsol menor, Eva Sansa, i la ministra de Medi Ambient en funcions, Silvia Calv\u00f3, que han coincidint amb el potencial d\u2019Andorra per oferir un tipus de producte sostenible i que va a l\u2019al\u00e7a, l\u2019astroturisme, que combina l\u2019observaci\u00f3 del cel amb activitats de divulgaci\u00f3 i oci relacionades amb l\u2019astronomia. Tamb\u00e9 hi ha estat presents els consellers de Medi Ambient, Sergi Gueimonde, i de Turisme, Josep Maria Garrall\u00e0, ja que els dos departaments treballen plegats per desenvolupar el programa batejat amb el nom d\u2019Andorra Comapedrosa Starlight. Recordem que a Massana va obtenir el passat mes de gener la doble certificaci\u00f3 de Destinaci\u00f3 Tur\u00edstica i reserva Starlight, un segell que acredita la qualitat del cel fosc i les millors condicions per a la observaci\u00f3 de la via l\u00e0ctia, a m\u00e9s d\u2019un comprom\u00eds per a la seva protecci\u00f3 i conservaci\u00f3. Sansa ha remarcat que per poder tirar endavant activitats relacionades amb l\u2019astroturisme caldr\u00e0 disposar de professionals preparats i per aix\u00f2 aquest curs donar\u00e0 acc\u00e9s a una nova sortida laboral. La primera classe ha anat a c\u00e0rrec de la directora de la Fundaci\u00f3 Starlight, Antonia Varela, que ha explicat les bases del turisme cient\u00edfic i els avantatges de l\u2019astroturisme, ja que \u00e9s un recurs obert durant tot l\u2019any i que, per tant, contribueix a la desestacionalitzaci\u00f3. La formaci\u00f3 compta amb la col\u00b7laboraci\u00f3 del Govern d\u2019Andorra i l\u2019hotel Sant Gothard d\u2019Arinsal, on s\u2019imparteix el curs. Hi haur\u00e0 classes d\u2019hist\u00f2ria de l\u2019astronomia, introducci\u00f3 a l\u2019astrofotografia, funcions del guia Starlight o par\u00e0metres de la qualitat del cel. A m\u00e9s, hi haur\u00e0 diverses sortides pr\u00e0ctiques, tant d\u2019observaci\u00f3 del sol com de la via l\u00e0ctia. Bones valoracions dels participants al curs de monitor astrotur\u00edstic, organitzat pel Com\u00fa de la Massana i impartit per la Fundaci\u00f3 Starlight. Els consellers de Medi Ambient i Turisme, Sergi Gueimonde i Josep Maria Garrall\u00e0, juntament amb el Secretari d\u2019Estat d\u2019Agricultura i Sostenibilitat, Marc Rossell, i la directora de la Fundaci\u00f3 Starlight, Antoni Varela, &nbsp;han estat els encarregats de lliurar els diplomes a la primera promoci\u00f3 de guies astrotur\u00edstics formats al pa\u00eds. Gueimonde ha agra\u00eft la tasca dels formadors del curs i tamb\u00e9 la confian\u00e7a dels alumnes, molts dels quals han vingut de diferents punts de Catalunya i de la resta de l\u2019estat espanyol. Per la seva banda, Garrall\u00e0 ha remarcat l\u2019aposta per l\u2019astroturisme, ja que segueix les l\u00ednies de turisme sostenible i responsable, un dels pilars de l\u2019estrat\u00e8gia tur\u00edstica del Com\u00fa de la Massana. De fet, la Massana disposa del segell Andorra Comapedrosa Starlight, amb la doble certificaci\u00f3 de Destinaci\u00f3 Tur\u00edstica i Reserva, que acredita un cel fosc de qualitat. La formaci\u00f3 ha tingut una durada de sis dies i, segons els alumnes, ha estat molt densa, ja que hi ha hagut classes d\u2019hist\u00f2ria de l\u2019astronomia,introducci\u00f3 a l\u2019astrofotografia, funcions del guia Starlight o par\u00e0metres de la qualitat del cel. A m\u00e9s, tamb\u00e9 han fet sortides pr\u00e0ctiques, tant d\u2019observaci\u00f3 del sol com de la via l\u00e0ctia. Tot i que el perfil dels alumnes \u00e9s molt diferents, tots fan una valoraci\u00f3 positiva dels curs. Els que procedeixen del m\u00f3n del turisme s\u2019han hagut d\u2019esfor\u00e7ar m\u00e9s en els continguts cient\u00edfics. I a l\u2019inrev\u00e9s, els que ja estaven formats en astrof\u00edsica, han pogut con\u00e8ixer com traslladar la ci\u00e8ncia al m\u00f3n del turisme. Tamb\u00e9 hi ha hagut alumnes d\u2019altres perfils, que consideren que el curs els ha estat molt profit\u00f3s. Entre els alumnes fins i tot ja hi ha professionals que es dediquen a l\u2019astroturisme, com Kilian Vindel, que t\u00e9 una empresa a la Garrotxa i que ha vingut al curs \u201ca viure l\u2019experi\u00e8ncia de continuar aprenent i a obtenir la certificaci\u00f3 oficial Starlight, pel prestigi que t\u00e9\u201d. Un Altre dels nous guies titulats com a Monitor Starlight \u00e9s el nostre company Daniel Murcia, un dels membres fundadors de L&#8217;Associaci\u00f3 Fotogr\u00e0fica de les Valls del Nord (AFVAN).<\/p>\n","protected":false},"author":1,"featured_media":1435,"comment_status":"open","ping_status":"open","sticky":false,"template":"elementor_theme","format":"quote","meta":{"site-sidebar-layout":"default","site-content-layout":"","ast-site-content-layout":"default","site-content-style":"default","site-sidebar-style":"default","ast-global-header-display":"","ast-banner-title-visibility":"","ast-main-header-display":"","ast-hfb-above-header-display":"","ast-hfb-below-header-display":"","ast-hfb-mobile-header-display":"","site-post-title":"","ast-breadcrumbs-content":"","ast-featured-img":"","footer-sml-layout":"","ast-disable-related-posts":"","theme-transparent-header-meta":"default","adv-header-id-meta":"","stick-header-meta":"","header-above-stick-meta":"","header-main-stick-meta":"","header-below-stick-meta":"","astra-migrate-meta-layouts":"default","ast-page-background-enabled":"default","ast-page-background-meta":{"desktop":{"background-color":"var(--ast-global-color-4)","background-image":"","background-repeat":"repeat","background-position":"center center","background-size":"auto","background-attachment":"scroll","background-type":"","background-media":"","overlay-type":"","overlay-color":"","overlay-opacity":"","overlay-gradient":""},"tablet":{"background-color":"","background-image":"","background-repeat":"repeat","background-position":"center center","background-size":"auto","background-attachment":"scroll","background-type":"","background-media":"","overlay-type":"","overlay-color":"","overlay-opacity":"","overlay-gradient":""},"mobile":{"background-color":"","background-image":"","background-repeat":"repeat","background-position":"center center","background-size":"auto","background-attachment":"scroll","background-type":"","background-media":"","overlay-type":"","overlay-color":"","overlay-opacity":"","overlay-gradient":""}},"ast-content-background-meta":{"desktop":{"background-color":"var(--ast-global-color-5)","background-image":"","background-repeat":"repeat","background-position":"center center","background-size":"auto","background-attachment":"scroll","background-type":"","background-media":"","overlay-type":"","overlay-color":"","overlay-opacity":"","overlay-gradient":""},"tablet":{"background-color":"var(--ast-global-color-5)","background-image":"","background-repeat":"repeat","background-position":"center center","background-size":"auto","background-attachment":"scroll","background-type":"","background-media":"","overlay-type":"","overlay-color":"","overlay-opacity":"","overlay-gradient":""},"mobile":{"background-color":"var(--ast-global-color-5)","background-image":"","background-repeat":"repeat","background-position":"center center","background-size":"auto","background-attachment":"scroll","background-type":"","background-media":"","overlay-type":"","overlay-color":"","overlay-opacity":"","overlay-gradient":""}},"footnotes":""},"categories":[7],"tags":[],"class_list":["post-1615","post","type-post","status-publish","format-quote","has-post-thumbnail","hentry","category-astrofotografia","post_format-post-format-quote"],"aioseo_notices":[],"a3_pvc":{"activated":true,"total_views":98,"today_views":0},"_links":{"self":[{"href":"https:\/\/afvan.com\/index.php\/wp-json\/wp\/v2\/posts\/1615","targetHints":{"allow":["GET"]}}],"collection":[{"href":"https:\/\/afvan.com\/index.php\/wp-json\/wp\/v2\/posts"}],"about":[{"href":"https:\/\/afvan.com\/index.php\/wp-json\/wp\/v2\/types\/post"}],"author":[{"embeddable":true,"href":"https:\/\/afvan.com\/index.php\/wp-json\/wp\/v2\/users\/1"}],"replies":[{"embeddable":true,"href":"https:\/\/afvan.com\/index.php\/wp-json\/wp\/v2\/comments?post=1615"}],"version-history":[{"count":8,"href":"https:\/\/afvan.com\/index.php\/wp-json\/wp\/v2\/posts\/1615\/revisions"}],"predecessor-version":[{"id":2258,"href":"https:\/\/afvan.com\/index.php\/wp-json\/wp\/v2\/posts\/1615\/revisions\/2258"}],"wp:featuredmedia":[{"embeddable":true,"href":"https:\/\/afvan.com\/index.php\/wp-json\/wp\/v2\/media\/1435"}],"wp:attachment":[{"href":"https:\/\/afvan.com\/index.php\/wp-json\/wp\/v2\/media?parent=1615"}],"wp:term":[{"taxonomy":"category","embeddable":true,"href":"https:\/\/afvan.com\/index.php\/wp-json\/wp\/v2\/categories?post=1615"},{"taxonomy":"post_tag","embeddable":true,"href":"https:\/\/afvan.com\/index.php\/wp-json\/wp\/v2\/tags?post=1615"}],"curies":[{"name":"wp","href":"https:\/\/api.w.org\/{rel}","templated":true}]}}