{"id":2230,"date":"2023-06-20T08:56:15","date_gmt":"2023-06-20T07:56:15","guid":{"rendered":"https:\/\/afvan.com\/?p=2230"},"modified":"2023-07-17T08:42:43","modified_gmt":"2023-07-17T07:42:43","slug":"festival-d-astronomia","status":"publish","type":"post","link":"https:\/\/afvan.com\/index.php\/2023\/06\/20\/festival-d-astronomia\/","title":{"rendered":"Festival d&#8217; Astronomia"},"content":{"rendered":"\n<figure class=\"wp-block-image aligncenter size-full is-resized has-custom-border is-style-rounded\"><img decoding=\"async\" src=\"https:\/\/afvan.com\/wp-content\/uploads\/2023\/05\/logo-lamassana-edited.png\" alt=\"\" class=\"wp-image-1335\" style=\"border-style:none;border-width:0px;border-radius:0px\" width=\"308\" height=\"122\"\/><\/figure>\n\n\n\n<div class=\"wp-block-media-text alignwide is-stacked-on-mobile\" style=\"grid-template-columns:53% auto\"><figure class=\"wp-block-media-text__media\"><img fetchpriority=\"high\" decoding=\"async\" width=\"472\" height=\"672\" src=\"https:\/\/afvan.com\/wp-content\/uploads\/2023\/06\/festivsal.jpg\" alt=\"festival\" class=\"wp-image-2136 size-full\" srcset=\"https:\/\/afvan.com\/wp-content\/uploads\/2023\/06\/festivsal.jpg 472w, https:\/\/afvan.com\/wp-content\/uploads\/2023\/06\/festivsal-211x300.jpg 211w\" sizes=\"(max-width: 472px) 100vw, 472px\" \/><\/figure><div class=\"wp-block-media-text__content\">\n<p class=\"has-text-align-center has-ast-global-color-2-color has-text-color has-large-font-size\" style=\"margin-top:0rem;margin-right:0rem;margin-bottom:0rem;margin-left:0rem;padding-top:0px;padding-right:0px;padding-bottom:0px;padding-left:0px;line-height:2\">Els llums d\u2019Arinsal s\u2019apagaran per observar la via l\u00e0ctia<\/p>\n\n\n\n<p><em>20\/6\/2023<\/em><\/p>\n\n\n\n<p>Despr\u00e9s d\u2019obtenir el doble segell de Destinaci\u00f3 Tur\u00edstica i Reserva Starlight, la Massana ha programat el primer Festival d\u2019Astronomia Andorra Comapedrosa, que tindr\u00e0 lloc el 7 i 8 de juliol, entre les Fontetes i Arinsal.<\/p>\n\n\n\n<p>Aquest segell ens obre les portes a muntar tota una estrat\u00e8gia al voltant de l\u2019astroturisme, un sector que est\u00e0 clarament a l\u2019al\u00e7a. La programaci\u00f3 del festival ens mostra diferents possibilitats ludico-cient\u00edfiques que ens dona l\u2019observaci\u00f3 de la via l\u00e0ctia\u201d, explica el conseller de Medi Ambient, Sergi Gueimonde.<\/p>\n\n\n\n<p>L\u2019acte central ser\u00e0 el dissabte, 8 de juliol, a les 22.45 h, amb l\u2019apagada total de la il\u00b7luminaci\u00f3 del poble d\u2019Arinsal, per tal de poder observar els estels i constel\u00b7lacions. Els participants hauran de fer pr\u00e8viament la inscripci\u00f3, que donar\u00e0 acc\u00e9s als grans telescopis que s\u2019instal\u00b7laran a l\u2019aparcament del Surf i tamb\u00e9 a una ruta guiada per les constel\u00b7lacions i les seves llegendes, que es far\u00e0 al camp de futbol d\u2019Arinsal. Hi haur\u00e0 tres sessions guiades, una en catal\u00e0, l\u2019altra en castell\u00e0 i la darrera en castell\u00e0 i franc\u00e8s. El cost de la inscripci\u00f3 \u00e9s d\u20191 \u20ac i la recaptaci\u00f3 ser\u00e0 per a l\u2019associaci\u00f3 Laika.<\/p>\n\n\n\n<p><strong>El Festival compta amb la col\u00b7laboraci\u00f3 de l\u2019Associaci\u00f3 Fotogr\u00e0fica de les Valls del Nord, que ha cedit la imatge per al cartell i que ha programat una sortida d\u2019astrofotografia per divendres, 7 de juliol, a l\u2019aparcament de Comallemple, un dels millors punts per a l\u2019observaci\u00f3 de la via l\u00e0ctia.<\/strong><\/p>\n<\/div><\/div>\n\n\n\n<div style=\"height:50px\" aria-hidden=\"true\" class=\"wp-block-spacer\"><\/div>\n\n\n\n<div class=\"wp-block-media-text alignwide has-media-on-the-right is-stacked-on-mobile\" style=\"grid-template-columns:auto 43%\"><div class=\"wp-block-media-text__content\">\n<p>Per al p\u00fablic infantil hi haur\u00e0 tallers de manualitats a les Fontetes i un espectacle musical, \u201cMil cent i un Estels\u201d, a Arinsal, amb Alexandre Bonanit i Laia Pedrol, que faran un viatge per les hist\u00f2ries i llegendes de les constel\u00b7lacions.<\/p>\n\n\n\n<p>Cal dir que els infants de la Massana tamb\u00e9 estan implicats en el projecte, ja que una de les propostes del Consell dels Infants va ser la creaci\u00f3 d\u2019un festival al voltant de les estrelles.<\/p>\n\n\n\n<p>Per al p\u00fablic adult s\u2019han programat dues confer\u00e8ncies cient\u00edfiques d\u2019inter\u00e8s general: el doctor Kike Herrero parlar\u00e0 sobre la possibilitat que hi hagi vida m\u00e9s enll\u00e0 del sistema solar i l\u2019astrof\u00edsic Joan Anton Catal\u00e0 oferir\u00e0 una xerrada sobre la geopol\u00edtica de l\u2019espai.<\/p>\n\n\n\n<p>El Festival compta amb la participaci\u00f3 de m\u00e9s d\u2019una dotzena de restaurant d\u2019Arinsal, que durant tot el dia oferiran tastets de g-astronomia i al vespre tindran a la seva carta sopars g-astron\u00f2mics. A m\u00e9s, aquests plats i postres tematitzats mantindran m\u00e9s enll\u00e0 del Festival, ja que la Massana \u00e9s territori de les estrelles durant tot l\u2019any.<\/p>\n\n\n\n<p>\u201cA partir d\u2019ara, l\u2019astronomia ser\u00e0 un dels puntals de la nostra oferta tur\u00edstica i aquesta combinaci\u00f3 amb la gastronomia \u00e9s nom\u00e9s un exemple d\u2019una de les m\u00faltiples possibilitats que ens ofereix aquest producte\u201d, assegura el conseller de Turisme i Comer\u00e7, Josep Maria Garrall\u00e0. El conseller ha apuntat la desestacionalitzaci\u00f3 com un dels punts forts de l\u2019astroturisme, ja que l\u2019observaci\u00f3 de la via l\u00e0ctia est\u00e0 oberta durant tot l\u2019any. Hi ha altres avantatges, com que no es requereixen grans infraestructures i que \u00e9s un tipus de turisme sostenible.<\/p>\n<\/div><figure class=\"wp-block-media-text__media\"><img decoding=\"async\" width=\"473\" height=\"680\" src=\"https:\/\/afvan.com\/wp-content\/uploads\/2023\/06\/festivsal2.jpg\" alt=\"festival\" class=\"wp-image-2135 size-full\" srcset=\"https:\/\/afvan.com\/wp-content\/uploads\/2023\/06\/festivsal2.jpg 473w, https:\/\/afvan.com\/wp-content\/uploads\/2023\/06\/festivsal2-209x300.jpg 209w\" sizes=\"(max-width: 473px) 100vw, 473px\" \/><\/figure><\/div>\n\n\n\n<div style=\"height:100px\" aria-hidden=\"true\" class=\"wp-block-spacer\"><\/div>\n\n\n\n<figure class=\"wp-block-gallery has-nested-images columns-default is-cropped wp-block-gallery-1 is-layout-flex wp-block-gallery-is-layout-flex\">\n<figure class=\"wp-block-image size-large\"><img loading=\"lazy\" decoding=\"async\" width=\"1024\" height=\"682\" data-id=\"2316\" src=\"https:\/\/afvan.com\/wp-content\/uploads\/2023\/07\/via-lacteapanorama2-_10-1024x682.jpg\" alt=\"\" class=\"wp-image-2316\" srcset=\"https:\/\/afvan.com\/wp-content\/uploads\/2023\/07\/via-lacteapanorama2-_10-1024x682.jpg 1024w, https:\/\/afvan.com\/wp-content\/uploads\/2023\/07\/via-lacteapanorama2-_10-300x200.jpg 300w, https:\/\/afvan.com\/wp-content\/uploads\/2023\/07\/via-lacteapanorama2-_10-768x512.jpg 768w, https:\/\/afvan.com\/wp-content\/uploads\/2023\/07\/via-lacteapanorama2-_10-1536x1024.jpg 1536w, https:\/\/afvan.com\/wp-content\/uploads\/2023\/07\/via-lacteapanorama2-_10.jpg 2000w\" sizes=\"(max-width: 1024px) 100vw, 1024px\" \/><\/figure>\n\n\n\n<figure class=\"wp-block-image size-large\"><img loading=\"lazy\" decoding=\"async\" width=\"1024\" height=\"682\" data-id=\"2317\" src=\"https:\/\/afvan.com\/wp-content\/uploads\/2023\/07\/via-lacteapanorama2-_14-1024x682.jpg\" alt=\"\" class=\"wp-image-2317\" srcset=\"https:\/\/afvan.com\/wp-content\/uploads\/2023\/07\/via-lacteapanorama2-_14-1024x682.jpg 1024w, https:\/\/afvan.com\/wp-content\/uploads\/2023\/07\/via-lacteapanorama2-_14-300x200.jpg 300w, https:\/\/afvan.com\/wp-content\/uploads\/2023\/07\/via-lacteapanorama2-_14-768x512.jpg 768w, https:\/\/afvan.com\/wp-content\/uploads\/2023\/07\/via-lacteapanorama2-_14-1536x1024.jpg 1536w, https:\/\/afvan.com\/wp-content\/uploads\/2023\/07\/via-lacteapanorama2-_14.jpg 2000w\" sizes=\"(max-width: 1024px) 100vw, 1024px\" \/><\/figure>\n\n\n\n<figure class=\"wp-block-image size-large\"><img loading=\"lazy\" decoding=\"async\" width=\"1024\" height=\"559\" data-id=\"2319\" src=\"https:\/\/afvan.com\/wp-content\/uploads\/2023\/07\/via-lacteapanorama2-_01-1024x559.jpg\" alt=\"\" class=\"wp-image-2319\" srcset=\"https:\/\/afvan.com\/wp-content\/uploads\/2023\/07\/via-lacteapanorama2-_01-1024x559.jpg 1024w, https:\/\/afvan.com\/wp-content\/uploads\/2023\/07\/via-lacteapanorama2-_01-300x164.jpg 300w, https:\/\/afvan.com\/wp-content\/uploads\/2023\/07\/via-lacteapanorama2-_01-768x419.jpg 768w, https:\/\/afvan.com\/wp-content\/uploads\/2023\/07\/via-lacteapanorama2-_01-1536x839.jpg 1536w, https:\/\/afvan.com\/wp-content\/uploads\/2023\/07\/via-lacteapanorama2-_01.jpg 2000w\" sizes=\"(max-width: 1024px) 100vw, 1024px\" \/><\/figure>\n\n\n\n<figure class=\"wp-block-image size-large\"><img loading=\"lazy\" decoding=\"async\" width=\"1024\" height=\"700\" data-id=\"2318\" src=\"https:\/\/afvan.com\/wp-content\/uploads\/2023\/07\/via-lacteapanorama2-_07-1-1024x700.jpg\" alt=\"\" class=\"wp-image-2318\" srcset=\"https:\/\/afvan.com\/wp-content\/uploads\/2023\/07\/via-lacteapanorama2-_07-1-1024x700.jpg 1024w, https:\/\/afvan.com\/wp-content\/uploads\/2023\/07\/via-lacteapanorama2-_07-1-300x205.jpg 300w, https:\/\/afvan.com\/wp-content\/uploads\/2023\/07\/via-lacteapanorama2-_07-1-768x525.jpg 768w, https:\/\/afvan.com\/wp-content\/uploads\/2023\/07\/via-lacteapanorama2-_07-1-1536x1050.jpg 1536w, https:\/\/afvan.com\/wp-content\/uploads\/2023\/07\/via-lacteapanorama2-_07-1.jpg 2000w\" sizes=\"(max-width: 1024px) 100vw, 1024px\" \/><\/figure>\n<\/figure>\n<div class=\"pvc_clear\"><\/div><p id=\"pvc_stats_2230\" class=\"pvc_stats all  \" data-element-id=\"2230\" style=\"\"><i class=\"pvc-stats-icon medium\" aria-hidden=\"true\"><svg xmlns=\"http:\/\/www.w3.org\/2000\/svg\" version=\"1.0\" viewBox=\"0 0 502 315\" preserveAspectRatio=\"xMidYMid meet\"><g transform=\"translate(0,332) scale(0.1,-0.1)\" fill=\"\" stroke=\"none\"><path d=\"M2394 3279 l-29 -30 -3 -207 c-2 -182 0 -211 15 -242 39 -76 157 -76 196 0 15 31 17 60 15 243 l-3 209 -33 29 c-26 23 -41 29 -80 29 -41 0 -53 -5 -78 -31z\"\/><path d=\"M3085 3251 c-45 -19 -58 -50 -96 -229 -47 -217 -49 -260 -13 -295 52 -53 146 -42 177 20 16 31 87 366 87 410 0 70 -86 122 -155 94z\"\/><path d=\"M1751 3234 c-13 -9 -29 -31 -37 -50 -12 -29 -10 -49 21 -204 19 -94 39 -189 45 -210 14 -50 54 -80 110 -80 34 0 48 6 76 34 21 21 34 44 34 59 0 14 -18 113 -40 219 -37 178 -43 195 -70 221 -36 32 -101 37 -139 11z\"\/><path d=\"M1163 3073 c-36 -7 -73 -59 -73 -102 0 -56 133 -378 171 -413 34 -32 83 -37 129 -13 70 36 67 87 -16 290 -86 209 -89 214 -129 231 -35 14 -42 15 -82 7z\"\/><path d=\"M3689 3066 c-15 -9 -33 -30 -42 -48 -48 -103 -147 -355 -147 -375 0 -98 131 -148 192 -74 13 15 57 108 97 206 80 196 84 226 37 273 -30 30 -99 39 -137 18z\"\/><path d=\"M583 2784 c-38 -19 -67 -74 -58 -113 9 -42 211 -354 242 -373 16 -10 45 -18 66 -18 51 0 107 52 107 100 0 39 -1 41 -124 234 -80 126 -108 162 -133 173 -41 17 -61 16 -100 -3z\"\/><path d=\"M4250 2784 c-14 -9 -74 -91 -133 -183 -95 -150 -107 -173 -107 -213 0 -55 33 -94 87 -104 67 -13 90 8 211 198 130 202 137 225 78 284 -27 27 -42 34 -72 34 -22 0 -50 -8 -64 -16z\"\/><path d=\"M2275 2693 c-553 -48 -1095 -270 -1585 -649 -135 -104 -459 -423 -483 -476 -23 -49 -22 -139 2 -186 73 -142 361 -457 571 -626 285 -228 642 -407 990 -497 242 -63 336 -73 660 -74 310 0 370 5 595 52 535 111 1045 392 1455 803 122 121 250 273 275 326 19 41 19 137 0 174 -41 79 -309 363 -465 492 -447 370 -946 591 -1479 653 -113 14 -422 18 -536 8z m395 -428 c171 -34 330 -124 456 -258 112 -119 167 -219 211 -378 27 -96 24 -300 -5 -401 -72 -255 -236 -447 -474 -557 -132 -62 -201 -76 -368 -76 -167 0 -236 14 -368 76 -213 98 -373 271 -451 485 -162 444 86 934 547 1084 153 49 292 57 452 25z m909 -232 c222 -123 408 -262 593 -441 76 -74 138 -139 138 -144 0 -16 -233 -242 -330 -319 -155 -123 -309 -223 -461 -299 l-81 -41 32 46 c18 26 49 83 70 128 143 306 141 649 -6 957 -25 52 -61 116 -79 142 l-34 47 45 -20 c26 -10 76 -36 113 -56z m-2057 25 c-40 -58 -105 -190 -130 -263 -110 -324 -59 -707 132 -981 25 -35 42 -64 37 -64 -19 0 -241 119 -326 174 -188 122 -406 314 -532 468 l-58 71 108 103 c185 178 428 349 672 473 66 33 121 60 123 61 2 0 -10 -19 -26 -42z\"\/><path d=\"M2375 1950 c-198 -44 -350 -190 -395 -379 -18 -76 -8 -221 19 -290 114 -284 457 -406 731 -260 98 52 188 154 231 260 27 69 37 214 19 290 -38 163 -166 304 -326 360 -67 23 -215 33 -279 19z\"\/><\/g><\/svg><\/i> <img loading=\"lazy\" decoding=\"async\" width=\"16\" height=\"16\" alt=\"Loading\" src=\"https:\/\/afvan.com\/wp-content\/plugins\/page-views-count\/ajax-loader-2x.gif\" border=0 \/><\/p><div class=\"pvc_clear\"><\/div>","protected":false},"excerpt":{"rendered":"<p>Els llums d\u2019Arinsal s\u2019apagaran per observar la via l\u00e0ctia 20\/6\/2023 Despr\u00e9s d\u2019obtenir el doble segell de Destinaci\u00f3 Tur\u00edstica i Reserva Starlight, la Massana ha programat el primer Festival d\u2019Astronomia Andorra Comapedrosa, que tindr\u00e0 lloc el 7 i 8 de juliol, entre les Fontetes i Arinsal. Aquest segell ens obre les portes a muntar tota una estrat\u00e8gia al voltant de l\u2019astroturisme, un sector que est\u00e0 clarament a l\u2019al\u00e7a. La programaci\u00f3 del festival ens mostra diferents possibilitats ludico-cient\u00edfiques que ens dona l\u2019observaci\u00f3 de la via l\u00e0ctia\u201d, explica el conseller de Medi Ambient, Sergi Gueimonde. L\u2019acte central ser\u00e0 el dissabte, 8 de juliol, a les 22.45 h, amb l\u2019apagada total de la il\u00b7luminaci\u00f3 del poble d\u2019Arinsal, per tal de poder observar els estels i constel\u00b7lacions. Els participants hauran de fer pr\u00e8viament la inscripci\u00f3, que donar\u00e0 acc\u00e9s als grans telescopis que s\u2019instal\u00b7laran a l\u2019aparcament del Surf i tamb\u00e9 a una ruta guiada per les constel\u00b7lacions i les seves llegendes, que es far\u00e0 al camp de futbol d\u2019Arinsal. Hi haur\u00e0 tres sessions guiades, una en catal\u00e0, l\u2019altra en castell\u00e0 i la darrera en castell\u00e0 i franc\u00e8s. El cost de la inscripci\u00f3 \u00e9s d\u20191 \u20ac i la recaptaci\u00f3 ser\u00e0 per a l\u2019associaci\u00f3 Laika. El Festival compta amb la col\u00b7laboraci\u00f3 de l\u2019Associaci\u00f3 Fotogr\u00e0fica de les Valls del Nord, que ha cedit la imatge per al cartell i que ha programat una sortida d\u2019astrofotografia per divendres, 7 de juliol, a l\u2019aparcament de Comallemple, un dels millors punts per a l\u2019observaci\u00f3 de la via l\u00e0ctia. Per al p\u00fablic infantil hi haur\u00e0 tallers de manualitats a les Fontetes i un espectacle musical, \u201cMil cent i un Estels\u201d, a Arinsal, amb Alexandre Bonanit i Laia Pedrol, que faran un viatge per les hist\u00f2ries i llegendes de les constel\u00b7lacions. Cal dir que els infants de la Massana tamb\u00e9 estan implicats en el projecte, ja que una de les propostes del Consell dels Infants va ser la creaci\u00f3 d\u2019un festival al voltant de les estrelles. Per al p\u00fablic adult s\u2019han programat dues confer\u00e8ncies cient\u00edfiques d\u2019inter\u00e8s general: el doctor Kike Herrero parlar\u00e0 sobre la possibilitat que hi hagi vida m\u00e9s enll\u00e0 del sistema solar i l\u2019astrof\u00edsic Joan Anton Catal\u00e0 oferir\u00e0 una xerrada sobre la geopol\u00edtica de l\u2019espai. El Festival compta amb la participaci\u00f3 de m\u00e9s d\u2019una dotzena de restaurant d\u2019Arinsal, que durant tot el dia oferiran tastets de g-astronomia i al vespre tindran a la seva carta sopars g-astron\u00f2mics. A m\u00e9s, aquests plats i postres tematitzats mantindran m\u00e9s enll\u00e0 del Festival, ja que la Massana \u00e9s territori de les estrelles durant tot l\u2019any. \u201cA partir d\u2019ara, l\u2019astronomia ser\u00e0 un dels puntals de la nostra oferta tur\u00edstica i aquesta combinaci\u00f3 amb la gastronomia \u00e9s nom\u00e9s un exemple d\u2019una de les m\u00faltiples possibilitats que ens ofereix aquest producte\u201d, assegura el conseller de Turisme i Comer\u00e7, Josep Maria Garrall\u00e0. El conseller ha apuntat la desestacionalitzaci\u00f3 com un dels punts forts de l\u2019astroturisme, ja que l\u2019observaci\u00f3 de la via l\u00e0ctia est\u00e0 oberta durant tot l\u2019any. Hi ha altres avantatges, com que no es requereixen grans infraestructures i que \u00e9s un tipus de turisme sostenible.<\/p>\n","protected":false},"author":1,"featured_media":2204,"comment_status":"open","ping_status":"open","sticky":false,"template":"elementor_theme","format":"quote","meta":{"site-sidebar-layout":"default","site-content-layout":"","ast-site-content-layout":"default","site-content-style":"default","site-sidebar-style":"default","ast-global-header-display":"","ast-banner-title-visibility":"","ast-main-header-display":"","ast-hfb-above-header-display":"","ast-hfb-below-header-display":"","ast-hfb-mobile-header-display":"","site-post-title":"","ast-breadcrumbs-content":"","ast-featured-img":"disabled","footer-sml-layout":"","ast-disable-related-posts":"","theme-transparent-header-meta":"default","adv-header-id-meta":"","stick-header-meta":"","header-above-stick-meta":"","header-main-stick-meta":"","header-below-stick-meta":"","astra-migrate-meta-layouts":"default","ast-page-background-enabled":"default","ast-page-background-meta":{"desktop":{"background-color":"var(--ast-global-color-4)","background-image":"","background-repeat":"repeat","background-position":"center center","background-size":"auto","background-attachment":"scroll","background-type":"","background-media":"","overlay-type":"","overlay-color":"","overlay-opacity":"","overlay-gradient":""},"tablet":{"background-color":"","background-image":"","background-repeat":"repeat","background-position":"center center","background-size":"auto","background-attachment":"scroll","background-type":"","background-media":"","overlay-type":"","overlay-color":"","overlay-opacity":"","overlay-gradient":""},"mobile":{"background-color":"","background-image":"","background-repeat":"repeat","background-position":"center center","background-size":"auto","background-attachment":"scroll","background-type":"","background-media":"","overlay-type":"","overlay-color":"","overlay-opacity":"","overlay-gradient":""}},"ast-content-background-meta":{"desktop":{"background-color":"var(--ast-global-color-5)","background-image":"","background-repeat":"repeat","background-position":"center center","background-size":"auto","background-attachment":"scroll","background-type":"","background-media":"","overlay-type":"","overlay-color":"","overlay-opacity":"","overlay-gradient":""},"tablet":{"background-color":"var(--ast-global-color-5)","background-image":"","background-repeat":"repeat","background-position":"center center","background-size":"auto","background-attachment":"scroll","background-type":"","background-media":"","overlay-type":"","overlay-color":"","overlay-opacity":"","overlay-gradient":""},"mobile":{"background-color":"var(--ast-global-color-5)","background-image":"","background-repeat":"repeat","background-position":"center center","background-size":"auto","background-attachment":"scroll","background-type":"","background-media":"","overlay-type":"","overlay-color":"","overlay-opacity":"","overlay-gradient":""}},"footnotes":""},"categories":[7],"tags":[],"class_list":["post-2230","post","type-post","status-publish","format-quote","has-post-thumbnail","hentry","category-astrofotografia","post_format-post-format-quote"],"aioseo_notices":[],"a3_pvc":{"activated":true,"total_views":49,"today_views":0},"_links":{"self":[{"href":"https:\/\/afvan.com\/index.php\/wp-json\/wp\/v2\/posts\/2230","targetHints":{"allow":["GET"]}}],"collection":[{"href":"https:\/\/afvan.com\/index.php\/wp-json\/wp\/v2\/posts"}],"about":[{"href":"https:\/\/afvan.com\/index.php\/wp-json\/wp\/v2\/types\/post"}],"author":[{"embeddable":true,"href":"https:\/\/afvan.com\/index.php\/wp-json\/wp\/v2\/users\/1"}],"replies":[{"embeddable":true,"href":"https:\/\/afvan.com\/index.php\/wp-json\/wp\/v2\/comments?post=2230"}],"version-history":[{"count":11,"href":"https:\/\/afvan.com\/index.php\/wp-json\/wp\/v2\/posts\/2230\/revisions"}],"predecessor-version":[{"id":2321,"href":"https:\/\/afvan.com\/index.php\/wp-json\/wp\/v2\/posts\/2230\/revisions\/2321"}],"wp:featuredmedia":[{"embeddable":true,"href":"https:\/\/afvan.com\/index.php\/wp-json\/wp\/v2\/media\/2204"}],"wp:attachment":[{"href":"https:\/\/afvan.com\/index.php\/wp-json\/wp\/v2\/media?parent=2230"}],"wp:term":[{"taxonomy":"category","embeddable":true,"href":"https:\/\/afvan.com\/index.php\/wp-json\/wp\/v2\/categories?post=2230"},{"taxonomy":"post_tag","embeddable":true,"href":"https:\/\/afvan.com\/index.php\/wp-json\/wp\/v2\/tags?post=2230"}],"curies":[{"name":"wp","href":"https:\/\/api.w.org\/{rel}","templated":true}]}}