{"id":2444,"date":"2023-08-12T13:02:14","date_gmt":"2023-08-12T12:02:14","guid":{"rendered":"https:\/\/afvan.com\/?p=2444"},"modified":"2023-08-12T13:13:24","modified_gmt":"2023-08-12T12:13:24","slug":"previa-perseids","status":"publish","type":"post","link":"https:\/\/afvan.com\/index.php\/2023\/08\/12\/previa-perseids\/","title":{"rendered":"Pr\u00e8via Perseids"},"content":{"rendered":"\n<figure class=\"wp-block-image aligncenter size-full is-resized has-custom-border is-style-rounded\"><img fetchpriority=\"high\" decoding=\"async\" src=\"https:\/\/afvan.com\/wp-content\/uploads\/2023\/02\/cropped-cropped-afvan_0006.png\" alt=\"logo AFVAN\" class=\"wp-image-121\" style=\"border-style:none;border-width:0px;border-radius:0px;width:256px;height:256px\" width=\"256\" height=\"256\" srcset=\"https:\/\/afvan.com\/wp-content\/uploads\/2023\/02\/cropped-cropped-afvan_0006.png 512w, https:\/\/afvan.com\/wp-content\/uploads\/2023\/02\/cropped-cropped-afvan_0006-300x300.png 300w, https:\/\/afvan.com\/wp-content\/uploads\/2023\/02\/cropped-cropped-afvan_0006-150x150.png 150w, https:\/\/afvan.com\/wp-content\/uploads\/2023\/02\/cropped-cropped-afvan_0006-270x270.png 270w, https:\/\/afvan.com\/wp-content\/uploads\/2023\/02\/cropped-cropped-afvan_0006-192x192.png 192w, https:\/\/afvan.com\/wp-content\/uploads\/2023\/02\/cropped-cropped-afvan_0006-180x180.png 180w, https:\/\/afvan.com\/wp-content\/uploads\/2023\/02\/cropped-cropped-afvan_0006-32x32.png 32w\" sizes=\"(max-width: 256px) 100vw, 256px\" \/><\/figure>\n\n\n\n<div class=\"wp-block-media-text alignwide is-stacked-on-mobile\" style=\"grid-template-columns:51% auto\"><figure class=\"wp-block-media-text__media\"><img decoding=\"async\" width=\"1024\" height=\"640\" src=\"https:\/\/afvan.com\/wp-content\/uploads\/2023\/08\/perseids33-1024x640.jpg\" alt=\"perseids\" class=\"wp-image-2421 size-full\" srcset=\"https:\/\/afvan.com\/wp-content\/uploads\/2023\/08\/perseids33-1024x640.jpg 1024w, https:\/\/afvan.com\/wp-content\/uploads\/2023\/08\/perseids33-300x188.jpg 300w, https:\/\/afvan.com\/wp-content\/uploads\/2023\/08\/perseids33-768x480.jpg 768w, https:\/\/afvan.com\/wp-content\/uploads\/2023\/08\/perseids33-1536x960.jpg 1536w, https:\/\/afvan.com\/wp-content\/uploads\/2023\/08\/perseids33-2048x1280.jpg 2048w\" sizes=\"(max-width: 1024px) 100vw, 1024px\" \/><\/figure><div class=\"wp-block-media-text__content\">\n<p class=\"has-text-align-center has-ast-global-color-2-color has-text-color has-large-font-size\" style=\"margin-top:0rem;margin-right:0rem;margin-bottom:0rem;margin-left:0rem;padding-top:0px;padding-right:0px;padding-bottom:0px;padding-left:0px;line-height:2\">Pr\u00e8via els Perseids<\/p>\n\n\n\n<p><em>12\/8\/2023<\/em><\/p>\n\n\n\n<p>Aquesta nit de dissabte ser\u00e0 la ideal&nbsp;per veure les ll\u00e0grimes de Sant Lloren\u00e7. Els experts expliquen que cauran 100 meteors per hora i que la millor hora per observar-los ser\u00e0 a les tres de la matinada. Pel que fa al lloc, recomanen zones sense contaminaci\u00f3 lum\u00ednica.<\/p>\n\n\n\n<p>La&nbsp;<strong>pluja d&#8217;estels<\/strong>, els&nbsp;Perseids, \u00e9s una de les m\u00e9s espectaculars de l&#8217;any. Tamb\u00e9 conegudes com les&nbsp;<strong>ll\u00e0grimes de Sant Lloren\u00e7<\/strong>&nbsp;s\u00f3n un fenomen que captiva els&nbsp;amants de l&#8217;astronomia.<\/p>\n\n\n\n<p>El vocal de l&#8217;Associaci\u00f3 Fotogr\u00e0fica&nbsp;de les Valls del Nord,&nbsp;<strong>Dani&nbsp;M\u00farcia<\/strong>, explica que \u00e9s un fenomen que &#8220;es dona a la&nbsp;<strong>mateixa \u00e8poca<\/strong>&#8220;. I es&nbsp;preveu &#8220;una&nbsp;<strong>freq\u00fc\u00e8ncia de 100 meteors<\/strong>&nbsp;per hora&#8221;.<\/p>\n\n\n\n<p>Per veure aquest fenomen, cal situar-se en&nbsp;<strong>zones d&#8217;alta muntanya<\/strong>,&nbsp;<strong>lluny<\/strong>&nbsp;dels&nbsp;<strong>nuclis de poblaci\u00f3<\/strong>&nbsp;i de&nbsp;<strong>contaminaci\u00f3 lum\u00ednica<\/strong>. &#8220;Cal habituar&nbsp;l&#8217;ull a la foscor, estar entre 15 i 20 minuts a les fosques i a partir d&#8217;aqu\u00ed cal observar el cel&#8221;, detalla M\u00farcia.<\/p>\n\n\n\n<p>Llocs com el Mirador del&nbsp;<strong>Roc del Quer<\/strong>, la&nbsp;<strong>Vall del&nbsp;Madriu-Perafita-Claror<\/strong>, la&nbsp;<strong>Vall de&nbsp;Sorteny<\/strong>, el&nbsp;<strong>Port Negre<\/strong>&nbsp;o el&nbsp;<strong>Coll de la Botella<\/strong>&nbsp;seran llocs molt propicis&nbsp;per gaudir de l&#8217;espectacle.<\/p>\n<\/div><\/div>\n\n\n\n<div style=\"height:50px\" aria-hidden=\"true\" class=\"wp-block-spacer\"><\/div>\n\n\n\n<div style=\"height:100px\" aria-hidden=\"true\" class=\"wp-block-spacer\"><\/div>\n\n\n\n<div class=\"wp-block-cover alignfull\"><span aria-hidden=\"true\" class=\"wp-block-cover__background has-background-dim\"><\/span><img decoding=\"async\" width=\"1024\" height=\"682\" class=\"wp-block-cover__image-background wp-image-2316\" alt=\"\" src=\"https:\/\/afvan.com\/wp-content\/uploads\/2023\/07\/via-lacteapanorama2-_10-1024x682.jpg\" data-object-fit=\"cover\" srcset=\"https:\/\/afvan.com\/wp-content\/uploads\/2023\/07\/via-lacteapanorama2-_10-1024x682.jpg 1024w, https:\/\/afvan.com\/wp-content\/uploads\/2023\/07\/via-lacteapanorama2-_10-300x200.jpg 300w, https:\/\/afvan.com\/wp-content\/uploads\/2023\/07\/via-lacteapanorama2-_10-768x512.jpg 768w, https:\/\/afvan.com\/wp-content\/uploads\/2023\/07\/via-lacteapanorama2-_10-1536x1024.jpg 1536w, https:\/\/afvan.com\/wp-content\/uploads\/2023\/07\/via-lacteapanorama2-_10.jpg 2000w\" sizes=\"(max-width: 1024px) 100vw, 1024px\" \/><div class=\"wp-block-cover__inner-container is-layout-flow wp-block-cover-is-layout-flow\">\n<p class=\"has-text-align-center has-large-font-size\"><a href=\"https:\/\/m.andorradifusio.ad\/noticies\/llagrimes-sant-llorenc-arriben-seu-punt\" target=\"_blank\" rel=\"noopener\" title=\"\">veure Pr\u00e8via a RTVA <\/a><\/p>\n<\/div><\/div>\n<div class=\"pvc_clear\"><\/div><p id=\"pvc_stats_2444\" class=\"pvc_stats all  \" data-element-id=\"2444\" style=\"\"><i class=\"pvc-stats-icon medium\" aria-hidden=\"true\"><svg xmlns=\"http:\/\/www.w3.org\/2000\/svg\" version=\"1.0\" viewBox=\"0 0 502 315\" preserveAspectRatio=\"xMidYMid meet\"><g transform=\"translate(0,332) scale(0.1,-0.1)\" fill=\"\" stroke=\"none\"><path d=\"M2394 3279 l-29 -30 -3 -207 c-2 -182 0 -211 15 -242 39 -76 157 -76 196 0 15 31 17 60 15 243 l-3 209 -33 29 c-26 23 -41 29 -80 29 -41 0 -53 -5 -78 -31z\"\/><path d=\"M3085 3251 c-45 -19 -58 -50 -96 -229 -47 -217 -49 -260 -13 -295 52 -53 146 -42 177 20 16 31 87 366 87 410 0 70 -86 122 -155 94z\"\/><path d=\"M1751 3234 c-13 -9 -29 -31 -37 -50 -12 -29 -10 -49 21 -204 19 -94 39 -189 45 -210 14 -50 54 -80 110 -80 34 0 48 6 76 34 21 21 34 44 34 59 0 14 -18 113 -40 219 -37 178 -43 195 -70 221 -36 32 -101 37 -139 11z\"\/><path d=\"M1163 3073 c-36 -7 -73 -59 -73 -102 0 -56 133 -378 171 -413 34 -32 83 -37 129 -13 70 36 67 87 -16 290 -86 209 -89 214 -129 231 -35 14 -42 15 -82 7z\"\/><path d=\"M3689 3066 c-15 -9 -33 -30 -42 -48 -48 -103 -147 -355 -147 -375 0 -98 131 -148 192 -74 13 15 57 108 97 206 80 196 84 226 37 273 -30 30 -99 39 -137 18z\"\/><path d=\"M583 2784 c-38 -19 -67 -74 -58 -113 9 -42 211 -354 242 -373 16 -10 45 -18 66 -18 51 0 107 52 107 100 0 39 -1 41 -124 234 -80 126 -108 162 -133 173 -41 17 -61 16 -100 -3z\"\/><path d=\"M4250 2784 c-14 -9 -74 -91 -133 -183 -95 -150 -107 -173 -107 -213 0 -55 33 -94 87 -104 67 -13 90 8 211 198 130 202 137 225 78 284 -27 27 -42 34 -72 34 -22 0 -50 -8 -64 -16z\"\/><path d=\"M2275 2693 c-553 -48 -1095 -270 -1585 -649 -135 -104 -459 -423 -483 -476 -23 -49 -22 -139 2 -186 73 -142 361 -457 571 -626 285 -228 642 -407 990 -497 242 -63 336 -73 660 -74 310 0 370 5 595 52 535 111 1045 392 1455 803 122 121 250 273 275 326 19 41 19 137 0 174 -41 79 -309 363 -465 492 -447 370 -946 591 -1479 653 -113 14 -422 18 -536 8z m395 -428 c171 -34 330 -124 456 -258 112 -119 167 -219 211 -378 27 -96 24 -300 -5 -401 -72 -255 -236 -447 -474 -557 -132 -62 -201 -76 -368 -76 -167 0 -236 14 -368 76 -213 98 -373 271 -451 485 -162 444 86 934 547 1084 153 49 292 57 452 25z m909 -232 c222 -123 408 -262 593 -441 76 -74 138 -139 138 -144 0 -16 -233 -242 -330 -319 -155 -123 -309 -223 -461 -299 l-81 -41 32 46 c18 26 49 83 70 128 143 306 141 649 -6 957 -25 52 -61 116 -79 142 l-34 47 45 -20 c26 -10 76 -36 113 -56z m-2057 25 c-40 -58 -105 -190 -130 -263 -110 -324 -59 -707 132 -981 25 -35 42 -64 37 -64 -19 0 -241 119 -326 174 -188 122 -406 314 -532 468 l-58 71 108 103 c185 178 428 349 672 473 66 33 121 60 123 61 2 0 -10 -19 -26 -42z\"\/><path d=\"M2375 1950 c-198 -44 -350 -190 -395 -379 -18 -76 -8 -221 19 -290 114 -284 457 -406 731 -260 98 52 188 154 231 260 27 69 37 214 19 290 -38 163 -166 304 -326 360 -67 23 -215 33 -279 19z\"\/><\/g><\/svg><\/i> <img loading=\"lazy\" decoding=\"async\" width=\"16\" height=\"16\" alt=\"Loading\" src=\"https:\/\/afvan.com\/wp-content\/plugins\/page-views-count\/ajax-loader-2x.gif\" border=0 \/><\/p><div class=\"pvc_clear\"><\/div>","protected":false},"excerpt":{"rendered":"<p>Pr\u00e8via els Perseids 12\/8\/2023 Aquesta nit de dissabte ser\u00e0 la ideal&nbsp;per veure les ll\u00e0grimes de Sant Lloren\u00e7. Els experts expliquen que cauran 100 meteors per hora i que la millor hora per observar-los ser\u00e0 a les tres de la matinada. Pel que fa al lloc, recomanen zones sense contaminaci\u00f3 lum\u00ednica. La&nbsp;pluja d&#8217;estels, els&nbsp;Perseids, \u00e9s una de les m\u00e9s espectaculars de l&#8217;any. Tamb\u00e9 conegudes com les&nbsp;ll\u00e0grimes de Sant Lloren\u00e7&nbsp;s\u00f3n un fenomen que captiva els&nbsp;amants de l&#8217;astronomia. El vocal de l&#8217;Associaci\u00f3 Fotogr\u00e0fica&nbsp;de les Valls del Nord,&nbsp;Dani&nbsp;M\u00farcia, explica que \u00e9s un fenomen que &#8220;es dona a la&nbsp;mateixa \u00e8poca&#8220;. I es&nbsp;preveu &#8220;una&nbsp;freq\u00fc\u00e8ncia de 100 meteors&nbsp;per hora&#8221;. Per veure aquest fenomen, cal situar-se en&nbsp;zones d&#8217;alta muntanya,&nbsp;lluny&nbsp;dels&nbsp;nuclis de poblaci\u00f3&nbsp;i de&nbsp;contaminaci\u00f3 lum\u00ednica. &#8220;Cal habituar&nbsp;l&#8217;ull a la foscor, estar entre 15 i 20 minuts a les fosques i a partir d&#8217;aqu\u00ed cal observar el cel&#8221;, detalla M\u00farcia. Llocs com el Mirador del&nbsp;Roc del Quer, la&nbsp;Vall del&nbsp;Madriu-Perafita-Claror, la&nbsp;Vall de&nbsp;Sorteny, el&nbsp;Port Negre&nbsp;o el&nbsp;Coll de la Botella&nbsp;seran llocs molt propicis&nbsp;per gaudir de l&#8217;espectacle.<\/p>\n","protected":false},"author":1,"featured_media":2316,"comment_status":"open","ping_status":"open","sticky":false,"template":"elementor_theme","format":"quote","meta":{"site-sidebar-layout":"default","site-content-layout":"","ast-site-content-layout":"default","site-content-style":"default","site-sidebar-style":"default","ast-global-header-display":"","ast-banner-title-visibility":"","ast-main-header-display":"","ast-hfb-above-header-display":"","ast-hfb-below-header-display":"","ast-hfb-mobile-header-display":"","site-post-title":"","ast-breadcrumbs-content":"","ast-featured-img":"disabled","footer-sml-layout":"","ast-disable-related-posts":"","theme-transparent-header-meta":"default","adv-header-id-meta":"","stick-header-meta":"","header-above-stick-meta":"","header-main-stick-meta":"","header-below-stick-meta":"","astra-migrate-meta-layouts":"default","ast-page-background-enabled":"default","ast-page-background-meta":{"desktop":{"background-color":"var(--ast-global-color-4)","background-image":"","background-repeat":"repeat","background-position":"center center","background-size":"auto","background-attachment":"scroll","background-type":"","background-media":"","overlay-type":"","overlay-color":"","overlay-opacity":"","overlay-gradient":""},"tablet":{"background-color":"","background-image":"","background-repeat":"repeat","background-position":"center center","background-size":"auto","background-attachment":"scroll","background-type":"","background-media":"","overlay-type":"","overlay-color":"","overlay-opacity":"","overlay-gradient":""},"mobile":{"background-color":"","background-image":"","background-repeat":"repeat","background-position":"center center","background-size":"auto","background-attachment":"scroll","background-type":"","background-media":"","overlay-type":"","overlay-color":"","overlay-opacity":"","overlay-gradient":""}},"ast-content-background-meta":{"desktop":{"background-color":"var(--ast-global-color-5)","background-image":"","background-repeat":"repeat","background-position":"center center","background-size":"auto","background-attachment":"scroll","background-type":"","background-media":"","overlay-type":"","overlay-color":"","overlay-opacity":"","overlay-gradient":""},"tablet":{"background-color":"var(--ast-global-color-5)","background-image":"","background-repeat":"repeat","background-position":"center center","background-size":"auto","background-attachment":"scroll","background-type":"","background-media":"","overlay-type":"","overlay-color":"","overlay-opacity":"","overlay-gradient":""},"mobile":{"background-color":"var(--ast-global-color-5)","background-image":"","background-repeat":"repeat","background-position":"center center","background-size":"auto","background-attachment":"scroll","background-type":"","background-media":"","overlay-type":"","overlay-color":"","overlay-opacity":"","overlay-gradient":""}},"footnotes":""},"categories":[7,12],"tags":[],"class_list":["post-2444","post","type-post","status-publish","format-quote","has-post-thumbnail","hentry","category-astrofotografia","category-fotografia","post_format-post-format-quote"],"aioseo_notices":[],"a3_pvc":{"activated":true,"total_views":30,"today_views":0},"_links":{"self":[{"href":"https:\/\/afvan.com\/index.php\/wp-json\/wp\/v2\/posts\/2444","targetHints":{"allow":["GET"]}}],"collection":[{"href":"https:\/\/afvan.com\/index.php\/wp-json\/wp\/v2\/posts"}],"about":[{"href":"https:\/\/afvan.com\/index.php\/wp-json\/wp\/v2\/types\/post"}],"author":[{"embeddable":true,"href":"https:\/\/afvan.com\/index.php\/wp-json\/wp\/v2\/users\/1"}],"replies":[{"embeddable":true,"href":"https:\/\/afvan.com\/index.php\/wp-json\/wp\/v2\/comments?post=2444"}],"version-history":[{"count":5,"href":"https:\/\/afvan.com\/index.php\/wp-json\/wp\/v2\/posts\/2444\/revisions"}],"predecessor-version":[{"id":2451,"href":"https:\/\/afvan.com\/index.php\/wp-json\/wp\/v2\/posts\/2444\/revisions\/2451"}],"wp:featuredmedia":[{"embeddable":true,"href":"https:\/\/afvan.com\/index.php\/wp-json\/wp\/v2\/media\/2316"}],"wp:attachment":[{"href":"https:\/\/afvan.com\/index.php\/wp-json\/wp\/v2\/media?parent=2444"}],"wp:term":[{"taxonomy":"category","embeddable":true,"href":"https:\/\/afvan.com\/index.php\/wp-json\/wp\/v2\/categories?post=2444"},{"taxonomy":"post_tag","embeddable":true,"href":"https:\/\/afvan.com\/index.php\/wp-json\/wp\/v2\/tags?post=2444"}],"curies":[{"name":"wp","href":"https:\/\/api.w.org\/{rel}","templated":true}]}}