{"id":5868,"date":"2025-06-16T07:58:23","date_gmt":"2025-06-16T06:58:23","guid":{"rendered":"https:\/\/afvan.com\/?p=5868"},"modified":"2025-06-20T10:26:55","modified_gmt":"2025-06-20T09:26:55","slug":"trobada-esportiva-residencies","status":"publish","type":"post","link":"https:\/\/afvan.com\/index.php\/2025\/06\/16\/trobada-esportiva-residencies\/","title":{"rendered":"Trobada Esportiva Resid\u00e8ncies"},"content":{"rendered":"\n<div style=\"height:100px\" aria-hidden=\"true\" class=\"wp-block-spacer\"><\/div>\n\n\n\n<figure class=\"wp-block-image aligncenter size-full is-resized has-custom-border is-style-rounded\"><img fetchpriority=\"high\" decoding=\"async\" width=\"320\" height=\"400\" src=\"https:\/\/afvan.com\/wp-content\/uploads\/2025\/06\/residencies.jpeg\" alt=\"logo trobada\" class=\"wp-image-5870\" style=\"border-style:none;border-width:0px;border-radius:0px;aspect-ratio:2.5245901639344264;object-fit:contain;width:486px;height:auto\" srcset=\"https:\/\/afvan.com\/wp-content\/uploads\/2025\/06\/residencies.jpeg 320w, https:\/\/afvan.com\/wp-content\/uploads\/2025\/06\/residencies-240x300.jpeg 240w\" sizes=\"(max-width: 320px) 100vw, 320px\" \/><\/figure>\n\n\n\n<div style=\"height:100px\" aria-hidden=\"true\" class=\"wp-block-spacer\"><\/div>\n\n\n\n<div class=\"wp-block-media-text alignwide is-stacked-on-mobile is-vertically-aligned-top\" style=\"padding-right:var(--wp--preset--spacing--20);padding-left:var(--wp--preset--spacing--20);grid-template-columns:57% auto\"><figure class=\"wp-block-media-text__media\"><img decoding=\"async\" width=\"1024\" height=\"683\" src=\"https:\/\/afvan.com\/wp-content\/uploads\/2025\/06\/trobadalow_009-1024x683.jpg\" alt=\"trobada\" class=\"wp-image-5873 size-full\" srcset=\"https:\/\/afvan.com\/wp-content\/uploads\/2025\/06\/trobadalow_009-1024x683.jpg 1024w, https:\/\/afvan.com\/wp-content\/uploads\/2025\/06\/trobadalow_009-300x200.jpg 300w, https:\/\/afvan.com\/wp-content\/uploads\/2025\/06\/trobadalow_009-768x512.jpg 768w, https:\/\/afvan.com\/wp-content\/uploads\/2025\/06\/trobadalow_009.jpg 1500w\" sizes=\"(max-width: 1024px) 100vw, 1024px\" \/><\/figure><div class=\"wp-block-media-text__content\">\n<p class=\"has-text-align-center has-ast-global-color-2-color has-text-color\" style=\"margin-top:0rem;margin-right:0rem;margin-bottom:0rem;margin-left:0rem;padding-top:0px;padding-right:0px;padding-bottom:0px;padding-left:0px;font-size:25px;line-height:2\"><strong>Trobada Esportiva de Resid\u00e8ncies 2025<\/strong><\/p>\n\n\n\n<p class=\"has-text-align-center has-ast-global-color-2-color has-text-color\" style=\"margin-top:0rem;margin-right:0rem;margin-bottom:0rem;margin-left:0rem;padding-top:0px;padding-right:0px;padding-bottom:0px;padding-left:0px;font-size:20px;line-height:2\"><strong>esport, salut i comunitat intergeneracional<\/strong><\/p>\n\n\n\n<p><em><em>16\/06\/202<\/em><\/em>5<\/p>\n\n\n\n<p style=\"padding-right:var(--wp--preset--spacing--40)\">Aquest dissabte, 14 de juny de 2025, va tenir lloc a la Seu d\u2019Urgell la&nbsp;<strong>Trobada Esportiva de Resid\u00e8ncies<\/strong>, una jornada plena de vida i activitat per a m\u00e9s de 320 participants, provinents de diversos centres d\u2019Andorra i de la capital alturgellenca.<\/p>\n\n\n\n<p style=\"padding-right:var(--wp--preset--spacing--40)\">L\u2019esdeveniment, organitzat conjuntament pel&nbsp;<strong>Ministeri d\u2019Afers Socials d\u2019Andorra<\/strong>&nbsp;i&nbsp;<strong>l\u2019Ajuntament de la Seu d\u2019Urgell<\/strong>, va esdevenir un referent de col\u00b7laboraci\u00f3 transfronterera i promoci\u00f3 de l\u2019envelliment actiu. Hi van assistir destacades figures institucionals: la&nbsp;<strong>ministra Trini Mar\u00edn<\/strong>, la&nbsp;<strong>secret\u00e0ria d\u2019Estat Ester Cerv\u00f3s<\/strong>,&nbsp;<strong>l\u2019alcalde Joan Barrera<\/strong>, i&nbsp;<strong>el nou Copr\u00edncep episcopal<\/strong>,&nbsp;<strong>Mons. Josep\u2011Llu\u00eds Serrano Pentinat<\/strong>, bisbe d\u2019Urgell des del 31 de maig de 2025.<\/p>\n<\/div><\/div>\n\n\n\n<div style=\"height:100px\" aria-hidden=\"true\" class=\"wp-block-spacer\"><\/div>\n\n\n\n<div class=\"wp-block-media-text has-media-on-the-right is-stacked-on-mobile is-vertically-aligned-top\" style=\"grid-template-columns:auto 53%\"><div class=\"wp-block-media-text__content\">\n<p class=\"has-medium-font-size\" style=\"padding-left:var(--wp--preset--spacing--40)\"><strong>Qu\u00e8 hi va haver?<\/strong><\/p>\n\n\n\n<ul class=\"wp-block-list\">\n<li>Activitats l\u00fadiques i esportives adaptades a la gent gran.<\/li>\n\n\n\n<li>Jocs tradicionals (bitlles, d\u00f2mino, cercles d\u2019equilibri&#8230;) i circuits de mobilitat suau.<\/li>\n\n\n\n<li>Espais per a la conviv\u00e8ncia, la inclusi\u00f3 i el respecte intergeneracional.<\/li>\n<\/ul>\n\n\n\n<h3 class=\"wp-block-heading has-medium-font-size\" style=\"margin-top:0;margin-right:var(--wp--preset--spacing--20);margin-bottom:0;margin-left:var(--wp--preset--spacing--20)\">Aix\u00f2 representa\u2026<\/h3>\n\n\n\n<ol class=\"wp-block-list\">\n<li><strong>Una aposta per la salut f\u00edsica i emocional<\/strong>&nbsp;de la gent gran.<\/li>\n\n\n\n<li><strong>Un pont entre comunitats<\/strong>, unint Andorra i l\u2019Alt Urgell en una jornada de germanor.<\/li>\n\n\n\n<li><strong>Una mostra del comprom\u00eds institucional<\/strong>, amb la renovada figura del Copr\u00edncep, procedent del servei diplom\u00e0tic del Vatic\u00e0.<\/li>\n<\/ol>\n<\/div><figure class=\"wp-block-media-text__media\"><img decoding=\"async\" width=\"1024\" height=\"683\" src=\"https:\/\/afvan.com\/wp-content\/uploads\/2025\/06\/trobadalow_059-1024x683.jpg\" alt=\"\" class=\"wp-image-5876 size-full\" srcset=\"https:\/\/afvan.com\/wp-content\/uploads\/2025\/06\/trobadalow_059-1024x683.jpg 1024w, https:\/\/afvan.com\/wp-content\/uploads\/2025\/06\/trobadalow_059-300x200.jpg 300w, https:\/\/afvan.com\/wp-content\/uploads\/2025\/06\/trobadalow_059-768x512.jpg 768w, https:\/\/afvan.com\/wp-content\/uploads\/2025\/06\/trobadalow_059.jpg 1500w\" sizes=\"(max-width: 1024px) 100vw, 1024px\" \/><\/figure><\/div>\n\n\n\n<div style=\"height:100px\" aria-hidden=\"true\" class=\"wp-block-spacer\"><\/div>\n\n\n\n<div class=\"wp-block-media-text alignwide is-stacked-on-mobile is-vertically-aligned-top\" style=\"padding-right:var(--wp--preset--spacing--20);padding-left:var(--wp--preset--spacing--20);grid-template-columns:57% auto\"><figure class=\"wp-block-media-text__media\"><img loading=\"lazy\" decoding=\"async\" width=\"1024\" height=\"683\" src=\"https:\/\/afvan.com\/wp-content\/uploads\/2025\/06\/trobadalow_090-1024x683.jpg\" alt=\"trobada\" class=\"wp-image-5878 size-full\" srcset=\"https:\/\/afvan.com\/wp-content\/uploads\/2025\/06\/trobadalow_090-1024x683.jpg 1024w, https:\/\/afvan.com\/wp-content\/uploads\/2025\/06\/trobadalow_090-300x200.jpg 300w, https:\/\/afvan.com\/wp-content\/uploads\/2025\/06\/trobadalow_090-768x512.jpg 768w, https:\/\/afvan.com\/wp-content\/uploads\/2025\/06\/trobadalow_090.jpg 1500w\" sizes=\"(max-width: 1024px) 100vw, 1024px\" \/><\/figure><div class=\"wp-block-media-text__content\">\n<p class=\"has-text-align-left has-ast-global-color-2-color has-text-color has-medium-font-size\" style=\"margin-top:0rem;margin-right:0rem;margin-bottom:0rem;margin-left:0rem;padding-top:0px;padding-right:0px;padding-bottom:0px;padding-left:0px;line-height:2\"><strong>La mirada d\u2019AFVAN<\/strong><\/p>\n\n\n\n<p>Per&nbsp;<strong>segon any consecutiu<\/strong>, des d\u2019AFVAN vam tenir l\u2019honor de&nbsp;<strong>col\u00b7laborar capturant moments inoblidables<\/strong>&nbsp;durant tota la jornada. El nostre equip va ser present amb les c\u00e0meres, recollint les emocions, l\u2019energia i la complicitat dels participants, deixant const\u00e0ncia d\u2019una jornada plena de sentit i vida.<\/p>\n\n\n\n<h3 class=\"wp-block-heading has-medium-font-size\">Mirant endavant<\/h3>\n\n\n\n<p>L\u2019\u00e8xit de la trobada refor\u00e7a la necessitat de continuar promovent espais de participaci\u00f3 activa per a la gent gran. Celebrem que siguin aut\u00e8ntics protagonistes de la vida comunit\u00e0ria, i animem a fer cr\u00e9ixer aquest model en properes edicions.<\/p>\n\n\n\n<hr class=\"wp-block-separator has-alpha-channel-opacity\"\/>\n\n\n\n<p style=\"padding-right:var(--wp--preset--spacing--40)\"><strong>L\u2019esport no t\u00e9 edat<\/strong>, i aquesta jornada en va ser una prova viva.<\/p>\n<\/div><\/div>\n\n\n\n<div style=\"height:50px\" aria-hidden=\"true\" class=\"wp-block-spacer\"><\/div>\n\n\n\n<figure class=\"wp-block-gallery has-nested-images columns-default is-cropped wp-block-gallery-1 is-layout-flex wp-block-gallery-is-layout-flex\">\n<figure class=\"wp-block-image size-large\"><img loading=\"lazy\" decoding=\"async\" width=\"1024\" height=\"683\" data-id=\"5886\" src=\"https:\/\/afvan.com\/wp-content\/uploads\/2025\/06\/trobadalow_009-1-1024x683.jpg\" alt=\"\" class=\"wp-image-5886\" srcset=\"https:\/\/afvan.com\/wp-content\/uploads\/2025\/06\/trobadalow_009-1-1024x683.jpg 1024w, https:\/\/afvan.com\/wp-content\/uploads\/2025\/06\/trobadalow_009-1-300x200.jpg 300w, https:\/\/afvan.com\/wp-content\/uploads\/2025\/06\/trobadalow_009-1-768x512.jpg 768w, https:\/\/afvan.com\/wp-content\/uploads\/2025\/06\/trobadalow_009-1.jpg 1500w\" sizes=\"(max-width: 1024px) 100vw, 1024px\" \/><\/figure>\n\n\n\n<figure class=\"wp-block-image size-large\"><img loading=\"lazy\" decoding=\"async\" width=\"1024\" height=\"683\" data-id=\"5887\" src=\"https:\/\/afvan.com\/wp-content\/uploads\/2025\/06\/trobadalow_014-1024x683.jpg\" alt=\"\" class=\"wp-image-5887\" srcset=\"https:\/\/afvan.com\/wp-content\/uploads\/2025\/06\/trobadalow_014-1024x683.jpg 1024w, https:\/\/afvan.com\/wp-content\/uploads\/2025\/06\/trobadalow_014-300x200.jpg 300w, https:\/\/afvan.com\/wp-content\/uploads\/2025\/06\/trobadalow_014-768x512.jpg 768w, https:\/\/afvan.com\/wp-content\/uploads\/2025\/06\/trobadalow_014.jpg 1500w\" sizes=\"(max-width: 1024px) 100vw, 1024px\" \/><\/figure>\n\n\n\n<figure class=\"wp-block-image size-large\"><img loading=\"lazy\" decoding=\"async\" width=\"1024\" height=\"683\" data-id=\"5880\" src=\"https:\/\/afvan.com\/wp-content\/uploads\/2025\/06\/trobadalow_033-1024x683.jpg\" alt=\"\" class=\"wp-image-5880\" srcset=\"https:\/\/afvan.com\/wp-content\/uploads\/2025\/06\/trobadalow_033-1024x683.jpg 1024w, https:\/\/afvan.com\/wp-content\/uploads\/2025\/06\/trobadalow_033-300x200.jpg 300w, https:\/\/afvan.com\/wp-content\/uploads\/2025\/06\/trobadalow_033-768x512.jpg 768w, https:\/\/afvan.com\/wp-content\/uploads\/2025\/06\/trobadalow_033.jpg 1500w\" sizes=\"(max-width: 1024px) 100vw, 1024px\" \/><\/figure>\n\n\n\n<figure class=\"wp-block-image size-large\"><img loading=\"lazy\" decoding=\"async\" width=\"1024\" height=\"683\" data-id=\"5879\" src=\"https:\/\/afvan.com\/wp-content\/uploads\/2025\/06\/trobadalow_037-1024x683.jpg\" alt=\"\" class=\"wp-image-5879\" srcset=\"https:\/\/afvan.com\/wp-content\/uploads\/2025\/06\/trobadalow_037-1024x683.jpg 1024w, https:\/\/afvan.com\/wp-content\/uploads\/2025\/06\/trobadalow_037-300x200.jpg 300w, https:\/\/afvan.com\/wp-content\/uploads\/2025\/06\/trobadalow_037-768x512.jpg 768w, https:\/\/afvan.com\/wp-content\/uploads\/2025\/06\/trobadalow_037.jpg 1500w\" sizes=\"(max-width: 1024px) 100vw, 1024px\" \/><\/figure>\n\n\n\n<figure class=\"wp-block-image size-large\"><img loading=\"lazy\" decoding=\"async\" width=\"1024\" height=\"683\" data-id=\"5884\" src=\"https:\/\/afvan.com\/wp-content\/uploads\/2025\/06\/trobadalow_041-1024x683.jpg\" alt=\"\" class=\"wp-image-5884\" srcset=\"https:\/\/afvan.com\/wp-content\/uploads\/2025\/06\/trobadalow_041-1024x683.jpg 1024w, https:\/\/afvan.com\/wp-content\/uploads\/2025\/06\/trobadalow_041-300x200.jpg 300w, https:\/\/afvan.com\/wp-content\/uploads\/2025\/06\/trobadalow_041-768x512.jpg 768w, https:\/\/afvan.com\/wp-content\/uploads\/2025\/06\/trobadalow_041.jpg 1500w\" sizes=\"(max-width: 1024px) 100vw, 1024px\" \/><\/figure>\n\n\n\n<figure class=\"wp-block-image size-large\"><img loading=\"lazy\" decoding=\"async\" width=\"1024\" height=\"604\" data-id=\"5881\" src=\"https:\/\/afvan.com\/wp-content\/uploads\/2025\/06\/trobadalow_047-1-1024x604.jpg\" alt=\"\" class=\"wp-image-5881\" srcset=\"https:\/\/afvan.com\/wp-content\/uploads\/2025\/06\/trobadalow_047-1-1024x604.jpg 1024w, https:\/\/afvan.com\/wp-content\/uploads\/2025\/06\/trobadalow_047-1-300x177.jpg 300w, https:\/\/afvan.com\/wp-content\/uploads\/2025\/06\/trobadalow_047-1-768x453.jpg 768w, https:\/\/afvan.com\/wp-content\/uploads\/2025\/06\/trobadalow_047-1.jpg 1500w\" sizes=\"(max-width: 1024px) 100vw, 1024px\" \/><\/figure>\n\n\n\n<figure class=\"wp-block-image size-large\"><img loading=\"lazy\" decoding=\"async\" width=\"1024\" height=\"683\" data-id=\"5882\" src=\"https:\/\/afvan.com\/wp-content\/uploads\/2025\/06\/trobadalow_049-1024x683.jpg\" alt=\"\" class=\"wp-image-5882\" srcset=\"https:\/\/afvan.com\/wp-content\/uploads\/2025\/06\/trobadalow_049-1024x683.jpg 1024w, https:\/\/afvan.com\/wp-content\/uploads\/2025\/06\/trobadalow_049-300x200.jpg 300w, https:\/\/afvan.com\/wp-content\/uploads\/2025\/06\/trobadalow_049-768x512.jpg 768w, https:\/\/afvan.com\/wp-content\/uploads\/2025\/06\/trobadalow_049.jpg 1500w\" sizes=\"(max-width: 1024px) 100vw, 1024px\" \/><\/figure>\n\n\n\n<figure class=\"wp-block-image size-large\"><img loading=\"lazy\" decoding=\"async\" width=\"1024\" height=\"683\" data-id=\"5883\" src=\"https:\/\/afvan.com\/wp-content\/uploads\/2025\/06\/trobadalow_053-1024x683.jpg\" alt=\"\" class=\"wp-image-5883\" srcset=\"https:\/\/afvan.com\/wp-content\/uploads\/2025\/06\/trobadalow_053-1024x683.jpg 1024w, https:\/\/afvan.com\/wp-content\/uploads\/2025\/06\/trobadalow_053-300x200.jpg 300w, https:\/\/afvan.com\/wp-content\/uploads\/2025\/06\/trobadalow_053-768x512.jpg 768w, https:\/\/afvan.com\/wp-content\/uploads\/2025\/06\/trobadalow_053.jpg 1500w\" sizes=\"(max-width: 1024px) 100vw, 1024px\" \/><\/figure>\n\n\n\n<figure class=\"wp-block-image size-large\"><img loading=\"lazy\" decoding=\"async\" width=\"1024\" height=\"683\" data-id=\"5885\" src=\"https:\/\/afvan.com\/wp-content\/uploads\/2025\/06\/trobadalow_058-1024x683.jpg\" alt=\"\" class=\"wp-image-5885\" srcset=\"https:\/\/afvan.com\/wp-content\/uploads\/2025\/06\/trobadalow_058-1024x683.jpg 1024w, https:\/\/afvan.com\/wp-content\/uploads\/2025\/06\/trobadalow_058-300x200.jpg 300w, https:\/\/afvan.com\/wp-content\/uploads\/2025\/06\/trobadalow_058-768x512.jpg 768w, https:\/\/afvan.com\/wp-content\/uploads\/2025\/06\/trobadalow_058.jpg 1500w\" sizes=\"(max-width: 1024px) 100vw, 1024px\" \/><\/figure>\n<\/figure>\n\n\n\n<div class=\"wp-block-buttons is-content-justification-center is-layout-flex wp-container-core-buttons-is-layout-a89b3969 wp-block-buttons-is-layout-flex\">\n<div class=\"wp-block-button\"><a class=\"wp-block-button__link has-text-align-center wp-element-button\" href=\"https:\/\/afvan.com\/index.php\/galeria-trobada\/\">anar a la galeria<\/a><\/div>\n<\/div>\n\n\n\n<p><\/p>\n<div class=\"pvc_clear\"><\/div><p id=\"pvc_stats_5868\" class=\"pvc_stats all  \" data-element-id=\"5868\" style=\"\"><i class=\"pvc-stats-icon medium\" aria-hidden=\"true\"><svg xmlns=\"http:\/\/www.w3.org\/2000\/svg\" version=\"1.0\" viewBox=\"0 0 502 315\" preserveAspectRatio=\"xMidYMid meet\"><g transform=\"translate(0,332) scale(0.1,-0.1)\" fill=\"\" stroke=\"none\"><path d=\"M2394 3279 l-29 -30 -3 -207 c-2 -182 0 -211 15 -242 39 -76 157 -76 196 0 15 31 17 60 15 243 l-3 209 -33 29 c-26 23 -41 29 -80 29 -41 0 -53 -5 -78 -31z\"\/><path d=\"M3085 3251 c-45 -19 -58 -50 -96 -229 -47 -217 -49 -260 -13 -295 52 -53 146 -42 177 20 16 31 87 366 87 410 0 70 -86 122 -155 94z\"\/><path d=\"M1751 3234 c-13 -9 -29 -31 -37 -50 -12 -29 -10 -49 21 -204 19 -94 39 -189 45 -210 14 -50 54 -80 110 -80 34 0 48 6 76 34 21 21 34 44 34 59 0 14 -18 113 -40 219 -37 178 -43 195 -70 221 -36 32 -101 37 -139 11z\"\/><path d=\"M1163 3073 c-36 -7 -73 -59 -73 -102 0 -56 133 -378 171 -413 34 -32 83 -37 129 -13 70 36 67 87 -16 290 -86 209 -89 214 -129 231 -35 14 -42 15 -82 7z\"\/><path d=\"M3689 3066 c-15 -9 -33 -30 -42 -48 -48 -103 -147 -355 -147 -375 0 -98 131 -148 192 -74 13 15 57 108 97 206 80 196 84 226 37 273 -30 30 -99 39 -137 18z\"\/><path d=\"M583 2784 c-38 -19 -67 -74 -58 -113 9 -42 211 -354 242 -373 16 -10 45 -18 66 -18 51 0 107 52 107 100 0 39 -1 41 -124 234 -80 126 -108 162 -133 173 -41 17 -61 16 -100 -3z\"\/><path d=\"M4250 2784 c-14 -9 -74 -91 -133 -183 -95 -150 -107 -173 -107 -213 0 -55 33 -94 87 -104 67 -13 90 8 211 198 130 202 137 225 78 284 -27 27 -42 34 -72 34 -22 0 -50 -8 -64 -16z\"\/><path d=\"M2275 2693 c-553 -48 -1095 -270 -1585 -649 -135 -104 -459 -423 -483 -476 -23 -49 -22 -139 2 -186 73 -142 361 -457 571 -626 285 -228 642 -407 990 -497 242 -63 336 -73 660 -74 310 0 370 5 595 52 535 111 1045 392 1455 803 122 121 250 273 275 326 19 41 19 137 0 174 -41 79 -309 363 -465 492 -447 370 -946 591 -1479 653 -113 14 -422 18 -536 8z m395 -428 c171 -34 330 -124 456 -258 112 -119 167 -219 211 -378 27 -96 24 -300 -5 -401 -72 -255 -236 -447 -474 -557 -132 -62 -201 -76 -368 -76 -167 0 -236 14 -368 76 -213 98 -373 271 -451 485 -162 444 86 934 547 1084 153 49 292 57 452 25z m909 -232 c222 -123 408 -262 593 -441 76 -74 138 -139 138 -144 0 -16 -233 -242 -330 -319 -155 -123 -309 -223 -461 -299 l-81 -41 32 46 c18 26 49 83 70 128 143 306 141 649 -6 957 -25 52 -61 116 -79 142 l-34 47 45 -20 c26 -10 76 -36 113 -56z m-2057 25 c-40 -58 -105 -190 -130 -263 -110 -324 -59 -707 132 -981 25 -35 42 -64 37 -64 -19 0 -241 119 -326 174 -188 122 -406 314 -532 468 l-58 71 108 103 c185 178 428 349 672 473 66 33 121 60 123 61 2 0 -10 -19 -26 -42z\"\/><path d=\"M2375 1950 c-198 -44 -350 -190 -395 -379 -18 -76 -8 -221 19 -290 114 -284 457 -406 731 -260 98 52 188 154 231 260 27 69 37 214 19 290 -38 163 -166 304 -326 360 -67 23 -215 33 -279 19z\"\/><\/g><\/svg><\/i> <img loading=\"lazy\" decoding=\"async\" width=\"16\" height=\"16\" alt=\"Loading\" src=\"https:\/\/afvan.com\/wp-content\/plugins\/page-views-count\/ajax-loader-2x.gif\" border=0 \/><\/p><div class=\"pvc_clear\"><\/div>","protected":false},"excerpt":{"rendered":"<p>Trobada Esportiva de Resid\u00e8ncies 2025 esport, salut i comunitat intergeneracional 16\/06\/2025 Aquest dissabte, 14 de juny de 2025, va tenir lloc a la Seu d\u2019Urgell la&nbsp;Trobada Esportiva de Resid\u00e8ncies, una jornada plena de vida i activitat per a m\u00e9s de 320 participants, provinents de diversos centres d\u2019Andorra i de la capital alturgellenca. L\u2019esdeveniment, organitzat conjuntament pel&nbsp;Ministeri d\u2019Afers Socials d\u2019Andorra&nbsp;i&nbsp;l\u2019Ajuntament de la Seu d\u2019Urgell, va esdevenir un referent de col\u00b7laboraci\u00f3 transfronterera i promoci\u00f3 de l\u2019envelliment actiu. Hi van assistir destacades figures institucionals: la&nbsp;ministra Trini Mar\u00edn, la&nbsp;secret\u00e0ria d\u2019Estat Ester Cerv\u00f3s,&nbsp;l\u2019alcalde Joan Barrera, i&nbsp;el nou Copr\u00edncep episcopal,&nbsp;Mons. Josep\u2011Llu\u00eds Serrano Pentinat, bisbe d\u2019Urgell des del 31 de maig de 2025.<\/p>\n","protected":false},"author":1,"featured_media":5875,"comment_status":"open","ping_status":"open","sticky":false,"template":"","format":"quote","meta":{"site-sidebar-layout":"default","site-content-layout":"","ast-site-content-layout":"default","site-content-style":"default","site-sidebar-style":"default","ast-global-header-display":"","ast-banner-title-visibility":"","ast-main-header-display":"","ast-hfb-above-header-display":"","ast-hfb-below-header-display":"","ast-hfb-mobile-header-display":"","site-post-title":"disabled","ast-breadcrumbs-content":"","ast-featured-img":"disabled","footer-sml-layout":"","ast-disable-related-posts":"","theme-transparent-header-meta":"default","adv-header-id-meta":"","stick-header-meta":"","header-above-stick-meta":"","header-main-stick-meta":"","header-below-stick-meta":"","astra-migrate-meta-layouts":"set","ast-page-background-enabled":"default","ast-page-background-meta":{"desktop":{"background-color":"var(--ast-global-color-4)","background-image":"","background-repeat":"repeat","background-position":"center center","background-size":"auto","background-attachment":"scroll","background-type":"","background-media":"","overlay-type":"","overlay-color":"","overlay-opacity":"","overlay-gradient":""},"tablet":{"background-color":"","background-image":"","background-repeat":"repeat","background-position":"center center","background-size":"auto","background-attachment":"scroll","background-type":"","background-media":"","overlay-type":"","overlay-color":"","overlay-opacity":"","overlay-gradient":""},"mobile":{"background-color":"","background-image":"","background-repeat":"repeat","background-position":"center center","background-size":"auto","background-attachment":"scroll","background-type":"","background-media":"","overlay-type":"","overlay-color":"","overlay-opacity":"","overlay-gradient":""}},"ast-content-background-meta":{"desktop":{"background-color":"var(--ast-global-color-5)","background-image":"","background-repeat":"repeat","background-position":"center center","background-size":"auto","background-attachment":"scroll","background-type":"","background-media":"","overlay-type":"","overlay-color":"","overlay-opacity":"","overlay-gradient":""},"tablet":{"background-color":"var(--ast-global-color-5)","background-image":"","background-repeat":"repeat","background-position":"center center","background-size":"auto","background-attachment":"scroll","background-type":"","background-media":"","overlay-type":"","overlay-color":"","overlay-opacity":"","overlay-gradient":""},"mobile":{"background-color":"var(--ast-global-color-5)","background-image":"","background-repeat":"repeat","background-position":"center center","background-size":"auto","background-attachment":"scroll","background-type":"","background-media":"","overlay-type":"","overlay-color":"","overlay-opacity":"","overlay-gradient":""}},"footnotes":""},"categories":[11,12],"tags":[],"class_list":["post-5868","post","type-post","status-publish","format-quote","has-post-thumbnail","hentry","category-cultura","category-fotografia","post_format-post-format-quote"],"aioseo_notices":[],"a3_pvc":{"activated":true,"total_views":25,"today_views":0},"_links":{"self":[{"href":"https:\/\/afvan.com\/index.php\/wp-json\/wp\/v2\/posts\/5868","targetHints":{"allow":["GET"]}}],"collection":[{"href":"https:\/\/afvan.com\/index.php\/wp-json\/wp\/v2\/posts"}],"about":[{"href":"https:\/\/afvan.com\/index.php\/wp-json\/wp\/v2\/types\/post"}],"author":[{"embeddable":true,"href":"https:\/\/afvan.com\/index.php\/wp-json\/wp\/v2\/users\/1"}],"replies":[{"embeddable":true,"href":"https:\/\/afvan.com\/index.php\/wp-json\/wp\/v2\/comments?post=5868"}],"version-history":[{"count":8,"href":"https:\/\/afvan.com\/index.php\/wp-json\/wp\/v2\/posts\/5868\/revisions"}],"predecessor-version":[{"id":5988,"href":"https:\/\/afvan.com\/index.php\/wp-json\/wp\/v2\/posts\/5868\/revisions\/5988"}],"wp:featuredmedia":[{"embeddable":true,"href":"https:\/\/afvan.com\/index.php\/wp-json\/wp\/v2\/media\/5875"}],"wp:attachment":[{"href":"https:\/\/afvan.com\/index.php\/wp-json\/wp\/v2\/media?parent=5868"}],"wp:term":[{"taxonomy":"category","embeddable":true,"href":"https:\/\/afvan.com\/index.php\/wp-json\/wp\/v2\/categories?post=5868"},{"taxonomy":"post_tag","embeddable":true,"href":"https:\/\/afvan.com\/index.php\/wp-json\/wp\/v2\/tags?post=5868"}],"curies":[{"name":"wp","href":"https:\/\/api.w.org\/{rel}","templated":true}]}}